{"id":209860,"date":"2025-02-26T19:47:53","date_gmt":"2025-02-26T19:47:53","guid":{"rendered":"https:\/\/rnoticias.com.mx\/Portal\/?p=209860"},"modified":"2025-02-26T19:47:53","modified_gmt":"2025-02-26T19:47:53","slug":"avanzan-en-iniciativas-laborales-el-congreso-de-sonora-y-el-consejo-sindical-permanente","status":"publish","type":"post","link":"https:\/\/rnoticias.com.mx\/Portal\/2025\/02\/26\/avanzan-en-iniciativas-laborales-el-congreso-de-sonora-y-el-consejo-sindical-permanente\/","title":{"rendered":"Avanzan en iniciativas laborales el Congreso de Sonora y el Consejo Sindical Permanente"},"content":{"rendered":"<p>Hermosillo, Sonora; 26 de febrero de 2025.- Con el prop\u00f3sito de dar seguimiento a iniciativas relacionadas con el bienestar y los derechos de las y los trabajadores del estado, la diputada Ros\u00e1ngela Amairany Pe\u00f1a Escalante (PES), presidenta de la Comisi\u00f3n de Salud, y el diputado \u00d3scar Ortiz Arvayo (PT), presidente de la Comisi\u00f3n de Asuntos del Trabajo, sostuvieron una reuni\u00f3n con representantes del Consejo Sindical y Social Permanente del Estado de Sonora (CSSPS).<\/p>\n<p>Durante la reuni\u00f3n de trabajo, en la que participaron l\u00edderes de diversas organizaciones sindicales, los diputados presidentes escucharon y analizaron las inquietudes y propuestas presentadas, con el objetivo de fortalecer la agenda legislativa en materia laboral y contribuir a mejorar las condiciones de las y los trabajadores del estado.<\/p>\n<p>En representaci\u00f3n de la Coordinaci\u00f3n Ejecutiva del CSSPS, Ram\u00f3n Antonio Gast\u00e9lum Lerma, Luis Antonio Castro Ru\u00edz y Jes\u00fas Javier Ceballos Corral destacaron la importancia de este espacio de di\u00e1logo abierto y colaborativo, que permitir\u00e1 impulsar iniciativas clave en favor del sector laboral en la entidad.<\/p>\n<p>A la reuni\u00f3n tambi\u00e9n asistieron los diputados Omar Francisco Del Valle Colosio y David Figueroa Ortega, del PVEM, as\u00ed como las diputadas Iris Fernanda S\u00e1nchez Chiu (PRI) y Rebeca Irene Silva Gallardo (NAS).<\/p>\n","protected":false},"excerpt":{"rendered":"<p>Hermosillo, Sonora; 26 de febrero de 2025.- Con el prop\u00f3sito de dar seguimiento a iniciativas relacionadas con el bienestar y los derechos de las y los trabajadores del estado, la diputada Ros\u00e1ngela Amairany Pe\u00f1a Escalante (PES), presidenta de la Comisi\u00f3n de Salud, y el diputado \u00d3scar Ortiz Arvayo (PT), presidente de la Comisi\u00f3n de Asuntos [&hellip;]<\/p>\n","protected":false},"author":2,"featured_media":209861,"comment_status":"closed","ping_status":"closed","sticky":false,"template":"","format":"standard","meta":{"footnotes":""},"categories":[12870,12868],"tags":[12877,12865],"class_list":["post-209860","post","type-post","status-publish","format-standard","has-post-thumbnail","hentry","category-destacadas","category-politica","tag-congreso-del-estado","tag-destacadas"],"jetpack_featured_media_url":"https:\/\/rnoticias.com.mx\/Portal\/wp-content\/uploads\/2025\/02\/7582060b-46c6-4e03-8249-6ee9089c0aac.jpg","amp_enabled":true,"_links":{"self":[{"href":"https:\/\/rnoticias.com.mx\/Portal\/wp-json\/wp\/v2\/posts\/209860","targetHints":{"allow":["GET"]}}],"collection":[{"href":"https:\/\/rnoticias.com.mx\/Portal\/wp-json\/wp\/v2\/posts"}],"about":[{"href":"https:\/\/rnoticias.com.mx\/Portal\/wp-json\/wp\/v2\/types\/post"}],"author":[{"embeddable":true,"href":"https:\/\/rnoticias.com.mx\/Portal\/wp-json\/wp\/v2\/users\/2"}],"replies":[{"embeddable":true,"href":"https:\/\/rnoticias.com.mx\/Portal\/wp-json\/wp\/v2\/comments?post=209860"}],"version-history":[{"count":1,"href":"https:\/\/rnoticias.com.mx\/Portal\/wp-json\/wp\/v2\/posts\/209860\/revisions"}],"predecessor-version":[{"id":209862,"href":"https:\/\/rnoticias.com.mx\/Portal\/wp-json\/wp\/v2\/posts\/209860\/revisions\/209862"}],"wp:featuredmedia":[{"embeddable":true,"href":"https:\/\/rnoticias.com.mx\/Portal\/wp-json\/wp\/v2\/media\/209861"}],"wp:attachment":[{"href":"https:\/\/rnoticias.com.mx\/Portal\/wp-json\/wp\/v2\/media?parent=209860"}],"wp:term":[{"taxonomy":"category","embeddable":true,"href":"https:\/\/rnoticias.com.mx\/Portal\/wp-json\/wp\/v2\/categories?post=209860"},{"taxonomy":"post_tag","embeddable":true,"href":"https:\/\/rnoticias.com.mx\/Portal\/wp-json\/wp\/v2\/tags?post=209860"}],"curies":[{"name":"wp","href":"https:\/\/api.w.org\/{rel}","templated":true}]}}