{"id":209857,"date":"2025-02-26T19:37:39","date_gmt":"2025-02-26T19:37:39","guid":{"rendered":"https:\/\/rnoticias.com.mx\/Portal\/?p=209857"},"modified":"2025-02-26T19:37:39","modified_gmt":"2025-02-26T19:37:39","slug":"comite-de-evaluacion-legislativo-da-a-conocer-personas-que-continuaran-en-el-proceso-de-seleccion-a-cargos-judiciales","status":"publish","type":"post","link":"https:\/\/rnoticias.com.mx\/Portal\/2025\/02\/26\/comite-de-evaluacion-legislativo-da-a-conocer-personas-que-continuaran-en-el-proceso-de-seleccion-a-cargos-judiciales\/","title":{"rendered":"Comit\u00e9 de Evaluaci\u00f3n legislativo da a conocer personas que continuar\u00e1n en el proceso de selecci\u00f3n a cargos judiciales"},"content":{"rendered":"<p>Hermosillo, Sonora; 26 de febrero de 2025.- El Comit\u00e9 de Evaluaci\u00f3n del Poder Legislativo dio a conocer en la p\u00e1gina tinyurl.com\/ListadoAspirantes, el listado de personas aspirantes elegibles a continuar a la etapa de evaluaci\u00f3n de idoneidad de aspirantes a cargos judiciales a disputarse en la elecci\u00f3n del pr\u00f3ximo 1 de junio.<\/p>\n<p>Ren\u00e9 Luna Sugich, presidente del \u00f3rgano seleccionador, inform\u00f3 que de las 257 personas que culminaron su registro en la plataforma electr\u00f3nica, 160 (99 hombres y 61 mujeres) cumplieron con los requisitos solicitados en la convocatoria.<\/p>\n<p>A\u00f1adi\u00f3 que la siguiente etapa dar\u00e1 inicio a partir de hoy y hasta el pr\u00f3ximo 11 de marzo, en el que deber\u00e1n llevarse a cabo entrevistas a las personas que cumplieron con los requisitos. El 11 de marzo, el comit\u00e9 deber\u00e1 publicar el listado de quienes resultaron mejor calificados.<\/p>\n<p>El 12 de marzo el Comit\u00e9 de Evaluaci\u00f3n deber\u00e1 depurar el listado, mediante insaculaci\u00f3n p\u00fablica, para ajustarlo al n\u00famero de postulaciones para cada cargo, de hasta dos personas propuestas por cada poder.<\/p>\n<p>El 17 de marzo los poderes del estado deber\u00e1n enviar al Congreso los listados para, posteriormente, remitirlos al Instituto Estatal Electoral y de Participaci\u00f3n Ciudadana (IEE Sonora).<\/p>\n","protected":false},"excerpt":{"rendered":"<p>Hermosillo, Sonora; 26 de febrero de 2025.- El Comit\u00e9 de Evaluaci\u00f3n del Poder Legislativo dio a conocer en la p\u00e1gina tinyurl.com\/ListadoAspirantes, el listado de personas aspirantes elegibles a continuar a la etapa de evaluaci\u00f3n de idoneidad de aspirantes a cargos judiciales a disputarse en la elecci\u00f3n del pr\u00f3ximo 1 de junio. Ren\u00e9 Luna Sugich, presidente [&hellip;]<\/p>\n","protected":false},"author":2,"featured_media":209858,"comment_status":"closed","ping_status":"closed","sticky":false,"template":"","format":"standard","meta":{"footnotes":""},"categories":[12870,12868],"tags":[12877,12865],"class_list":["post-209857","post","type-post","status-publish","format-standard","has-post-thumbnail","hentry","category-destacadas","category-politica","tag-congreso-del-estado","tag-destacadas"],"jetpack_featured_media_url":"https:\/\/rnoticias.com.mx\/Portal\/wp-content\/uploads\/2025\/02\/ad08cdf1-c1ad-4832-b438-f547b202f3da.jpg","amp_enabled":true,"_links":{"self":[{"href":"https:\/\/rnoticias.com.mx\/Portal\/wp-json\/wp\/v2\/posts\/209857","targetHints":{"allow":["GET"]}}],"collection":[{"href":"https:\/\/rnoticias.com.mx\/Portal\/wp-json\/wp\/v2\/posts"}],"about":[{"href":"https:\/\/rnoticias.com.mx\/Portal\/wp-json\/wp\/v2\/types\/post"}],"author":[{"embeddable":true,"href":"https:\/\/rnoticias.com.mx\/Portal\/wp-json\/wp\/v2\/users\/2"}],"replies":[{"embeddable":true,"href":"https:\/\/rnoticias.com.mx\/Portal\/wp-json\/wp\/v2\/comments?post=209857"}],"version-history":[{"count":1,"href":"https:\/\/rnoticias.com.mx\/Portal\/wp-json\/wp\/v2\/posts\/209857\/revisions"}],"predecessor-version":[{"id":209859,"href":"https:\/\/rnoticias.com.mx\/Portal\/wp-json\/wp\/v2\/posts\/209857\/revisions\/209859"}],"wp:featuredmedia":[{"embeddable":true,"href":"https:\/\/rnoticias.com.mx\/Portal\/wp-json\/wp\/v2\/media\/209858"}],"wp:attachment":[{"href":"https:\/\/rnoticias.com.mx\/Portal\/wp-json\/wp\/v2\/media?parent=209857"}],"wp:term":[{"taxonomy":"category","embeddable":true,"href":"https:\/\/rnoticias.com.mx\/Portal\/wp-json\/wp\/v2\/categories?post=209857"},{"taxonomy":"post_tag","embeddable":true,"href":"https:\/\/rnoticias.com.mx\/Portal\/wp-json\/wp\/v2\/tags?post=209857"}],"curies":[{"name":"wp","href":"https:\/\/api.w.org\/{rel}","templated":true}]}}