{"id":208992,"date":"2025-02-18T02:02:13","date_gmt":"2025-02-18T02:02:13","guid":{"rendered":"https:\/\/rnoticias.com.mx\/Portal\/?p=208992"},"modified":"2025-02-18T02:02:13","modified_gmt":"2025-02-18T02:02:13","slug":"canelo-alvarez-no-tiene-lealtad-eddie-hearn","status":"publish","type":"post","link":"https:\/\/rnoticias.com.mx\/Portal\/2025\/02\/18\/canelo-alvarez-no-tiene-lealtad-eddie-hearn\/","title":{"rendered":"&#8216;Canelo \u00c1lvarez no tiene lealtad&#8217;: Eddie Hearn"},"content":{"rendered":"<p><strong>Eddie Hearn reaccion\u00f3 a las recientes cr\u00edticas de \u00d3scar de la Hoya, quien acus\u00f3 a Sa\u00fal \u00c1lvarez de carecer de lealtad en su carrera<\/strong>.<\/p>\n<p>El promotor brit\u00e1nico, quien ha trabajado con &#8220;Canelo&#8221; en varias ocasiones, defendi\u00f3 al boxeador mexicano y subray\u00f3 que \u00e9ste siempre ha sido claro respecto a sus decisiones dentro del mundo del boxeo.<\/p>\n<p>En una entrevista con Seconds Out, Hearn abord\u00f3 los comentarios de De la Hoya, se\u00f1alando que &#8220;Canelo&#8221;, aunque no se considera leal en el \u00e1mbito del negocio, siempre ha sido transparente sobre sus intenciones. \u201c&#8217;Canelo&#8217; no tiene lealtad, pero te lo deja muy claro\u201d, afirm\u00f3. Adem\u00e1s, distingui\u00f3 entre la lealtad profesional en el boxeo y la lealtad en la vida personal, destacando que Canelo es una persona honesta, lo cual le otorga una ventaja en el mundo tan competitivo del pugilismo.<\/p>\n<p>El promotor tambi\u00e9n aclar\u00f3 que, aunque coincide con la cr\u00edtica de De la Hoya sobre la falta de lealtad de &#8220;Canelo&#8221;, nunca ha sentido que el campe\u00f3n mexicano le haya dado falsas esperanzas.<strong>\u00a0Hearn explic\u00f3 que &#8220;Canelo&#8221; siempre ha sido directo, dejando claro que su prioridad es elegir al promotor que le ofrezca las mejores condiciones para su carrera, sin compromisos emocionales de largo plazo<\/strong>.<\/p>\n<p>Por \u00faltimo,\u00a0<strong>Hearn reflexion\u00f3 sobre la importancia de la lealtad en el boxeo, reconociendo que aunque es un valor raro, siempre lo ha apreciado en sus relaciones con los peleadores<\/strong>. A pesar de esto, admiti\u00f3 que &#8220;Canelo&#8221; se encuentra en una etapa de su carrera en la que ya no necesita ser leal a ning\u00fan promotor, pues est\u00e1 cerca de retirarse. &#8220;Est\u00e1 en una etapa en la que realmente no necesita ser leal&#8221;, concluy\u00f3 Hearn con una sonrisa.<\/p>\n","protected":false},"excerpt":{"rendered":"<p>Eddie Hearn reaccion\u00f3 a las recientes cr\u00edticas de \u00d3scar de la Hoya, quien acus\u00f3 a Sa\u00fal \u00c1lvarez de carecer de lealtad en su carrera. El promotor brit\u00e1nico, quien ha trabajado con &#8220;Canelo&#8221; en varias ocasiones, defendi\u00f3 al boxeador mexicano y subray\u00f3 que \u00e9ste siempre ha sido claro respecto a sus decisiones dentro del mundo del [&hellip;]<\/p>\n","protected":false},"author":2,"featured_media":208993,"comment_status":"closed","ping_status":"closed","sticky":false,"template":"","format":"standard","meta":{"footnotes":""},"categories":[188,12870],"tags":[5231,12865],"class_list":["post-208992","post","type-post","status-publish","format-standard","has-post-thumbnail","hentry","category-deportes","category-destacadas","tag-deportes","tag-destacadas"],"jetpack_featured_media_url":"https:\/\/rnoticias.com.mx\/Portal\/wp-content\/uploads\/2025\/02\/canelo-hearn_1620802720.jpg","amp_enabled":true,"_links":{"self":[{"href":"https:\/\/rnoticias.com.mx\/Portal\/wp-json\/wp\/v2\/posts\/208992","targetHints":{"allow":["GET"]}}],"collection":[{"href":"https:\/\/rnoticias.com.mx\/Portal\/wp-json\/wp\/v2\/posts"}],"about":[{"href":"https:\/\/rnoticias.com.mx\/Portal\/wp-json\/wp\/v2\/types\/post"}],"author":[{"embeddable":true,"href":"https:\/\/rnoticias.com.mx\/Portal\/wp-json\/wp\/v2\/users\/2"}],"replies":[{"embeddable":true,"href":"https:\/\/rnoticias.com.mx\/Portal\/wp-json\/wp\/v2\/comments?post=208992"}],"version-history":[{"count":1,"href":"https:\/\/rnoticias.com.mx\/Portal\/wp-json\/wp\/v2\/posts\/208992\/revisions"}],"predecessor-version":[{"id":208994,"href":"https:\/\/rnoticias.com.mx\/Portal\/wp-json\/wp\/v2\/posts\/208992\/revisions\/208994"}],"wp:featuredmedia":[{"embeddable":true,"href":"https:\/\/rnoticias.com.mx\/Portal\/wp-json\/wp\/v2\/media\/208993"}],"wp:attachment":[{"href":"https:\/\/rnoticias.com.mx\/Portal\/wp-json\/wp\/v2\/media?parent=208992"}],"wp:term":[{"taxonomy":"category","embeddable":true,"href":"https:\/\/rnoticias.com.mx\/Portal\/wp-json\/wp\/v2\/categories?post=208992"},{"taxonomy":"post_tag","embeddable":true,"href":"https:\/\/rnoticias.com.mx\/Portal\/wp-json\/wp\/v2\/tags?post=208992"}],"curies":[{"name":"wp","href":"https:\/\/api.w.org\/{rel}","templated":true}]}}