{"id":208986,"date":"2025-02-18T01:34:08","date_gmt":"2025-02-18T01:34:08","guid":{"rendered":"https:\/\/rnoticias.com.mx\/Portal\/?p=208986"},"modified":"2025-02-18T01:34:08","modified_gmt":"2025-02-18T01:34:08","slug":"vinculan-a-proceso-a-christian-n-presunto-asesino-del-nino-mateo-santiago-en-guanajuato","status":"publish","type":"post","link":"https:\/\/rnoticias.com.mx\/Portal\/2025\/02\/18\/vinculan-a-proceso-a-christian-n-presunto-asesino-del-nino-mateo-santiago-en-guanajuato\/","title":{"rendered":"Vinculan a proceso a Christian &#8216;N&#8217; presunto asesino del ni\u00f1o Mateo Santiago en Guanajuato"},"content":{"rendered":"<p>La Fiscal\u00eda General del Estado de Guanajuato inform\u00f3 que logr\u00f3 la vinculaci\u00f3n a proceso penal del m\u00e9dico,\u00a0<mark><strong>Christian Augusto Jafet \u201cN\u201d por su presunta responsabilidad en los delitos de desaparici\u00f3n cometida por particulares, homicidio calificado y violaci\u00f3n, en el caso del ni\u00f1o de 12 a\u00f1os, Mateo Santiago,\u00a0<\/strong><\/mark>quien desapareci\u00f3 el pasado 4 de febrero en Le\u00f3n.<\/p>\n<p>La dependencia detall\u00f3 que se recabaron y presentaron los medios de prueba determinantes<strong>\u00a0que permitieron al juez decretar la vinculaci\u00f3n a proceso penal del imputado.\u00a0<\/strong><\/p>\n<p>Recordemos que Christian Augusto Jafet \u201cN\u201d fue detenido por Polic\u00edas Municipales dentro de su domicilio, luego de que escucharon detonaciones de arma de fuego.<\/p>\n<p>En ese momento, los uniformados observaron que el presunto asesino del menor se hab\u00eda lesionado con un arma de fuego,<strong>\u00a0y fue \u00e9l mismo quien les indic\u00f3 el lugar donde se encontraba el cuerpo de Mateo.\u00a0<\/strong><\/p>\n<p>Mateo Santiago desapareci\u00f3 el 4 de febrero despu\u00e9s de salir de clases de la secundaria T\u00e9cnica 39 de la colonia Las Mandatarias, y<mark><strong>\u00a0tres d\u00edas despu\u00e9s se localiz\u00f3 su cuerpo semienterrado en el estado de Jalisco, en los l\u00edmites con el municipio de Le\u00f3n.<\/strong><\/mark><\/p>\n","protected":false},"excerpt":{"rendered":"<p>La Fiscal\u00eda General del Estado de Guanajuato inform\u00f3 que logr\u00f3 la vinculaci\u00f3n a proceso penal del m\u00e9dico,\u00a0Christian Augusto Jafet \u201cN\u201d por su presunta responsabilidad en los delitos de desaparici\u00f3n cometida por particulares, homicidio calificado y violaci\u00f3n, en el caso del ni\u00f1o de 12 a\u00f1os, Mateo Santiago,\u00a0quien desapareci\u00f3 el pasado 4 de febrero en Le\u00f3n. La [&hellip;]<\/p>\n","protected":false},"author":2,"featured_media":208987,"comment_status":"closed","ping_status":"closed","sticky":false,"template":"","format":"standard","meta":{"footnotes":""},"categories":[12870,172],"tags":[12865,12874],"class_list":["post-208986","post","type-post","status-publish","format-standard","has-post-thumbnail","hentry","category-destacadas","category-nacional","tag-destacadas","tag-nacional"],"jetpack_featured_media_url":"https:\/\/rnoticias.com.mx\/Portal\/wp-content\/uploads\/2025\/02\/mateo.jpg_1902800913.webp","amp_enabled":true,"_links":{"self":[{"href":"https:\/\/rnoticias.com.mx\/Portal\/wp-json\/wp\/v2\/posts\/208986","targetHints":{"allow":["GET"]}}],"collection":[{"href":"https:\/\/rnoticias.com.mx\/Portal\/wp-json\/wp\/v2\/posts"}],"about":[{"href":"https:\/\/rnoticias.com.mx\/Portal\/wp-json\/wp\/v2\/types\/post"}],"author":[{"embeddable":true,"href":"https:\/\/rnoticias.com.mx\/Portal\/wp-json\/wp\/v2\/users\/2"}],"replies":[{"embeddable":true,"href":"https:\/\/rnoticias.com.mx\/Portal\/wp-json\/wp\/v2\/comments?post=208986"}],"version-history":[{"count":1,"href":"https:\/\/rnoticias.com.mx\/Portal\/wp-json\/wp\/v2\/posts\/208986\/revisions"}],"predecessor-version":[{"id":208988,"href":"https:\/\/rnoticias.com.mx\/Portal\/wp-json\/wp\/v2\/posts\/208986\/revisions\/208988"}],"wp:featuredmedia":[{"embeddable":true,"href":"https:\/\/rnoticias.com.mx\/Portal\/wp-json\/wp\/v2\/media\/208987"}],"wp:attachment":[{"href":"https:\/\/rnoticias.com.mx\/Portal\/wp-json\/wp\/v2\/media?parent=208986"}],"wp:term":[{"taxonomy":"category","embeddable":true,"href":"https:\/\/rnoticias.com.mx\/Portal\/wp-json\/wp\/v2\/categories?post=208986"},{"taxonomy":"post_tag","embeddable":true,"href":"https:\/\/rnoticias.com.mx\/Portal\/wp-json\/wp\/v2\/tags?post=208986"}],"curies":[{"name":"wp","href":"https:\/\/api.w.org\/{rel}","templated":true}]}}