{"id":208983,"date":"2025-02-18T01:31:16","date_gmt":"2025-02-18T01:31:16","guid":{"rendered":"https:\/\/rnoticias.com.mx\/Portal\/?p=208983"},"modified":"2025-02-18T01:31:16","modified_gmt":"2025-02-18T01:31:16","slug":"aumenta-porcentaje-de-depresion-en-adultos-mayores-en-mexico","status":"publish","type":"post","link":"https:\/\/rnoticias.com.mx\/Portal\/2025\/02\/18\/aumenta-porcentaje-de-depresion-en-adultos-mayores-en-mexico\/","title":{"rendered":"Aumenta porcentaje de depresi\u00f3n en adultos mayores en M\u00e9xico"},"content":{"rendered":"<p>La\u00a0<strong>depresi\u00f3n\u00a0<\/strong>es uno de los trastornos mentales m\u00e1s comunes donde el estado de \u00e1nimo decae, se pierde el inter\u00e9s por diversas actividades o placeres. La depresi\u00f3n puede afectar de diferente manera en cada persona seg\u00fan su estilo de vida, regi\u00f3n o edad entre otros aspectos neuronales.<\/p>\n<p>Lamentablemente,\u00a0<mark><strong>la depresi\u00f3n afecta a entre el 15% y el 20% \u00a0de los adultos mayores en M\u00e9xico<\/strong>, una proporci\u00f3n que es m\u00e1s del doble que el nivel mundial, que se ubica en el 7%<\/mark>, seg\u00fan advirtieron este lunes especialistas con base en cifras del Instituto Nacional de las Personas Adultas Mayores (Inapam).<\/p>\n<p>Adem\u00e1s, los datos oficiales estiman que<strong>\u00a0en M\u00e9xico habr\u00e1 en 2050 m\u00e1s de 3.5 millones de personas afectadas por la demencia<\/strong>, una mayor prevalencia que en Europa o los otros pa\u00edses de Norteam\u00e9rica, explic\u00f3 a EFE el m\u00e9dico Luis Miguel Guti\u00e9rrez, quien fue director y fundador del Instituto Nacional de Geriatr\u00eda (2009-2022).<\/p>\n<p><mark>&#8220;Y un problema tambi\u00e9n muy relevante entre las personas mayores es el problema del\u00a0<\/mark><i><mark>suicidio\u00a0<\/mark><\/i>y, si bien no es tan com\u00fan entre las personas mayores como entre los j\u00f3venes en la actualidad, cuando hay un intento (de edad avanzada), m\u00e1s que un intento, generalmente se consuma el suicidio&#8221;, alert\u00f3 Guti\u00e9rrez.<\/p>\n<p>El especialista, quien ahora es director del centro colaborador con la<strong>\u00a0Organizaci\u00f3n Mundial de la Salud<\/strong>\u00a0(<strong>OMS<\/strong>),\u00a0<mark>atribuy\u00f3 estos problemas a factores neurobiol\u00f3gicos en la poblaci\u00f3n mexicana y al contexto, en el que afectan la conducta, la cotidianidad y el estr\u00e9s.<\/mark><\/p>\n<p>Guti\u00e9rrez tambi\u00e9n se\u00f1al\u00f3, como<strong>\u00a0posibles factores de riesgo, la discriminaci\u00f3n por edad, la marginaci\u00f3n, la pobreza<\/strong>\u00a0y el que la mayor\u00eda de las personas se retiran laboralmente en la actualidad sin una remuneraci\u00f3n adecuada.<\/p>\n<p>A este panorama se suma la escasez de recursos m\u00e9dicos, pues hasta 2024, M\u00e9xico ten\u00eda apenas mil 62 geriatras certificados, lo que implica que cada especialista debe atender a m\u00e1s de 15 \u00a0personas mayores, seg\u00fan datos proporcionados por Koltin, una organizaci\u00f3n que da cobertura m\u00e9dica a personas en este grupo etario.<\/p>\n<p><mark>Guti\u00e9rrez cree que en el sector p\u00fablico y privado ahora &#8220;hay atenci\u00f3n&#8221;, como muestra el censo &#8220;casa por casa&#8221; que ha emprendido el Gobierno de la presidenta\u00a0<strong>Claudia Sheinbaum<\/strong>\u00a0para dar atenci\u00f3n m\u00e9dica a adultos mayores en sus domicilios,<\/mark>\u00a0mientras que Koltin ofrece el primer seguro m\u00e9dico enfocado en adultos mayores.<\/p>\n<p>\u201cEs importante mencionar que\u00a0<strong>muchas personas mayores no reciben un tratamiento para la depresi\u00f3n<\/strong>\u00a0debido a la creencia equivocada de que es parte natural del envejecimiento&#8221;, advirti\u00f3 Areli P\u00e9rez Carrizosa, m\u00e9dica geriatra del equipo de Koltin.<\/p>\n<p>La experta tambi\u00e9n opin\u00f3 que \u201cexisten investigaciones cl\u00ednicas que sugieren que\u00a0<strong>hay un fuerte estigma que contribuye a que los adultos mayores no utilicen los servicios de salud mental<\/strong>, ya que revelan cierta incomodidad al hablar de sus problemas con un experto&#8221;. Ante el panorama, el geriatra Guti\u00e9rrez sugiri\u00f3 \u201cque el enfoque en t\u00e9rminos de salud mental prioritario tendr\u00eda que ser de prevenci\u00f3n, porque tanto la demencia como los estados depresivos pueden prevenirse\u201d.<\/p>\n","protected":false},"excerpt":{"rendered":"<p>La\u00a0depresi\u00f3n\u00a0es uno de los trastornos mentales m\u00e1s comunes donde el estado de \u00e1nimo decae, se pierde el inter\u00e9s por diversas actividades o placeres. La depresi\u00f3n puede afectar de diferente manera en cada persona seg\u00fan su estilo de vida, regi\u00f3n o edad entre otros aspectos neuronales. Lamentablemente,\u00a0la depresi\u00f3n afecta a entre el 15% y el 20% [&hellip;]<\/p>\n","protected":false},"author":2,"featured_media":208984,"comment_status":"closed","ping_status":"closed","sticky":false,"template":"","format":"standard","meta":{"footnotes":""},"categories":[12870,172],"tags":[12865,12874],"class_list":["post-208983","post","type-post","status-publish","format-standard","has-post-thumbnail","hentry","category-destacadas","category-nacional","tag-destacadas","tag-nacional"],"jetpack_featured_media_url":"https:\/\/rnoticias.com.mx\/Portal\/wp-content\/uploads\/2025\/02\/depresiongeritatrica.jpg","amp_enabled":true,"_links":{"self":[{"href":"https:\/\/rnoticias.com.mx\/Portal\/wp-json\/wp\/v2\/posts\/208983","targetHints":{"allow":["GET"]}}],"collection":[{"href":"https:\/\/rnoticias.com.mx\/Portal\/wp-json\/wp\/v2\/posts"}],"about":[{"href":"https:\/\/rnoticias.com.mx\/Portal\/wp-json\/wp\/v2\/types\/post"}],"author":[{"embeddable":true,"href":"https:\/\/rnoticias.com.mx\/Portal\/wp-json\/wp\/v2\/users\/2"}],"replies":[{"embeddable":true,"href":"https:\/\/rnoticias.com.mx\/Portal\/wp-json\/wp\/v2\/comments?post=208983"}],"version-history":[{"count":1,"href":"https:\/\/rnoticias.com.mx\/Portal\/wp-json\/wp\/v2\/posts\/208983\/revisions"}],"predecessor-version":[{"id":208985,"href":"https:\/\/rnoticias.com.mx\/Portal\/wp-json\/wp\/v2\/posts\/208983\/revisions\/208985"}],"wp:featuredmedia":[{"embeddable":true,"href":"https:\/\/rnoticias.com.mx\/Portal\/wp-json\/wp\/v2\/media\/208984"}],"wp:attachment":[{"href":"https:\/\/rnoticias.com.mx\/Portal\/wp-json\/wp\/v2\/media?parent=208983"}],"wp:term":[{"taxonomy":"category","embeddable":true,"href":"https:\/\/rnoticias.com.mx\/Portal\/wp-json\/wp\/v2\/categories?post=208983"},{"taxonomy":"post_tag","embeddable":true,"href":"https:\/\/rnoticias.com.mx\/Portal\/wp-json\/wp\/v2\/tags?post=208983"}],"curies":[{"name":"wp","href":"https:\/\/api.w.org\/{rel}","templated":true}]}}