{"id":208979,"date":"2025-02-18T01:19:51","date_gmt":"2025-02-18T01:19:51","guid":{"rendered":"https:\/\/rnoticias.com.mx\/Portal\/?p=208979"},"modified":"2025-02-18T01:19:51","modified_gmt":"2025-02-18T01:19:51","slug":"logra-gobernador-durazo-incremento-del-30-al-salario-de-medicos-especialistas-en-sonora","status":"publish","type":"post","link":"https:\/\/rnoticias.com.mx\/Portal\/2025\/02\/18\/logra-gobernador-durazo-incremento-del-30-al-salario-de-medicos-especialistas-en-sonora\/","title":{"rendered":"Logra Gobernador Durazo incremento del 30% al salario de m\u00e9dicos especialistas en Sonora"},"content":{"rendered":"<p align=\"left\">Hermosillo, Sonora; 17 de febrero de 2025.- Como parte de su compromiso con el fortalecimiento del sistema de salud y la mejora de las condiciones laborales del personal m\u00e9dico, el gobernador Alfonso Durazo Monta\u00f1o, anunci\u00f3 que, a trav\u00e9s de gestiones con el Consejo T\u00e9cnico del Instituto Mexicano del Seguro Social (IMSS), se autoriz\u00f3 una compensaci\u00f3n adicional de seis mil a 10 mil pesos mensuales para m\u00e9dicos especialistas que opten por laborar en comunidades y zonas serranas de la entidad.<\/p>\n<p align=\"left\">El mandatario estatal destac\u00f3 que este incentivo representa un aumento de hasta el 30% sobre su salario base y busca garantizar una mayor cobertura y atenci\u00f3n m\u00e9dica en regiones prioritarias, que desde 2023, esta medida ha generado resultados positivos, permitiendo la cobertura de m\u00e1s vacantes y la ampliaci\u00f3n de turnos de atenci\u00f3n m\u00e9dica en todo el pa\u00eds.<\/p>\n<p align=\"left\">\u201cSonora est\u00e1 viviendo una transformaci\u00f3n, y ustedes son parte fundamental de ella. Con su profesionalismo y vocaci\u00f3n por la salud, juntos continuaremos construyendo un mejor sistema de salud para todas y todos\u201d, expres\u00f3 el mandatario estatal.<\/p>\n<p align=\"left\">Refiri\u00f3 que, en Sonora se contin\u00faa trabajando en estrecha coordinaci\u00f3n con las autoridades federales para fortalecer la infraestructura y los servicios de salud.<\/p>\n<p align=\"left\">El gobernador Durazo tambi\u00e9n reconoci\u00f3 el esfuerzo, dedicaci\u00f3n y compromiso de las y los 254 m\u00e9dicos especialistas que egresar\u00e1n pr\u00f3ximamente de la residencia del Instituto Mexicano del Seguro Social (IMSS), invit\u00e1ndolos a formar parte de esta transformaci\u00f3n.<\/p>\n<p align=\"left\">En este contexto, dijo, en dos semanas se llevar\u00e1 a cabo el proceso de selecci\u00f3n de m\u00e9dicos especialistas, un evento clave para la contrataci\u00f3n de nuevo personal en el sector salud. El gobernador Alfonso Durazo hace un llamado a las y los egresados a participar en este proceso y sumarse a la mejora del sistema de salud en la entidad.<\/p>\n","protected":false},"excerpt":{"rendered":"<p>Hermosillo, Sonora; 17 de febrero de 2025.- Como parte de su compromiso con el fortalecimiento del sistema de salud y la mejora de las condiciones laborales del personal m\u00e9dico, el gobernador Alfonso Durazo Monta\u00f1o, anunci\u00f3 que, a trav\u00e9s de gestiones con el Consejo T\u00e9cnico del Instituto Mexicano del Seguro Social (IMSS), se autoriz\u00f3 una compensaci\u00f3n [&hellip;]<\/p>\n","protected":false},"author":2,"featured_media":208981,"comment_status":"closed","ping_status":"closed","sticky":false,"template":"","format":"standard","meta":{"footnotes":""},"categories":[12870,178],"tags":[12865,12869],"class_list":["post-208979","post","type-post","status-publish","format-standard","has-post-thumbnail","hentry","category-destacadas","category-local","tag-destacadas","tag-local"],"jetpack_featured_media_url":"https:\/\/rnoticias.com.mx\/Portal\/wp-content\/uploads\/2025\/02\/unnamed-43.jpg","amp_enabled":true,"_links":{"self":[{"href":"https:\/\/rnoticias.com.mx\/Portal\/wp-json\/wp\/v2\/posts\/208979","targetHints":{"allow":["GET"]}}],"collection":[{"href":"https:\/\/rnoticias.com.mx\/Portal\/wp-json\/wp\/v2\/posts"}],"about":[{"href":"https:\/\/rnoticias.com.mx\/Portal\/wp-json\/wp\/v2\/types\/post"}],"author":[{"embeddable":true,"href":"https:\/\/rnoticias.com.mx\/Portal\/wp-json\/wp\/v2\/users\/2"}],"replies":[{"embeddable":true,"href":"https:\/\/rnoticias.com.mx\/Portal\/wp-json\/wp\/v2\/comments?post=208979"}],"version-history":[{"count":1,"href":"https:\/\/rnoticias.com.mx\/Portal\/wp-json\/wp\/v2\/posts\/208979\/revisions"}],"predecessor-version":[{"id":208982,"href":"https:\/\/rnoticias.com.mx\/Portal\/wp-json\/wp\/v2\/posts\/208979\/revisions\/208982"}],"wp:featuredmedia":[{"embeddable":true,"href":"https:\/\/rnoticias.com.mx\/Portal\/wp-json\/wp\/v2\/media\/208981"}],"wp:attachment":[{"href":"https:\/\/rnoticias.com.mx\/Portal\/wp-json\/wp\/v2\/media?parent=208979"}],"wp:term":[{"taxonomy":"category","embeddable":true,"href":"https:\/\/rnoticias.com.mx\/Portal\/wp-json\/wp\/v2\/categories?post=208979"},{"taxonomy":"post_tag","embeddable":true,"href":"https:\/\/rnoticias.com.mx\/Portal\/wp-json\/wp\/v2\/tags?post=208979"}],"curies":[{"name":"wp","href":"https:\/\/api.w.org\/{rel}","templated":true}]}}