{"id":208949,"date":"2025-02-17T21:51:46","date_gmt":"2025-02-17T21:51:46","guid":{"rendered":"https:\/\/rnoticias.com.mx\/Portal\/?p=208949"},"modified":"2025-02-17T21:51:46","modified_gmt":"2025-02-17T21:51:46","slug":"da-tono-astiazaran-banderazo-de-salida-al-hbus-en-su-primer-dia-de-circulacion","status":"publish","type":"post","link":"https:\/\/rnoticias.com.mx\/Portal\/2025\/02\/17\/da-tono-astiazaran-banderazo-de-salida-al-hbus-en-su-primer-dia-de-circulacion\/","title":{"rendered":"Da To\u00f1o Astiazar\u00e1n banderazo de salida al HBus en su primer d\u00eda de circulaci\u00f3n"},"content":{"rendered":"<p><b data-olk-copy-source=\"MessageBody\">Hermosillo, Sonora a 17 de febrero, 2025.-<\/b>\u00a0El H Bus ya est\u00e1 en ruta, expres\u00f3 Antonio Astiazar\u00e1n Guti\u00e9rrez al dar el banderazo de salida a los once camiones el\u00e9ctricos que desde las 5:00 am entraron en funciones para transportar de manera gratuita a estudiantes universitarios.<\/p>\n<p aria-hidden=\"true\">\n<p>El presidente municipal supervis\u00f3 desde temprana hora el arranque de las unidades el\u00e9ctricas que partieron desde la Plaza Zaragoza rumbo a diversas colonias para transportar a estudiantes de la Universidad de Sonora, Instituto Tecnol\u00f3gico de Hermosillo, Universidad Estatal de Sonora y la Universidad Tecnol\u00f3gica de Hermosillo.<\/p>\n<p aria-hidden=\"true\">\n<p>Acompa\u00f1ado por la directora de la Agencia Municipal de Energ\u00eda y Cambio Clim\u00e1tico (AMECC), Carla Neudert C\u00f3rdova dio inicio a este programa que simboliza su compromiso con la electromovilidad, las energ\u00edas renovables y la juventud hermosillense.<\/p>\n<p aria-hidden=\"true\">\n<p>El programa H Bus que ya recorre las calles de Hermosillo beneficia a 650 estudiantes universitarios en una primera etapa, cantidad que incrementar\u00e1 gradualmente hasta alcanzar los mil 500 usuarios de turnos matutino y vespertino.<\/p>\n<p><b>\u00a0<\/b><\/p>\n<p><b>Califican estudiantes como un sistema r\u00e1pido y eficaz<\/b><\/p>\n<p aria-hidden=\"true\">\n<p>Las estudiantes Suzette Machiche y Viviana del R\u00edo se convirtieron en unas de las primeras usuarias en utilizar el H Bus para llegar a su destino a trav\u00e9s de una unidad equipada con WiFi gratuito, c\u00e1maras de videovigilancia, aire acondicionado, espacios para personas con discapacidad y centros de carga para dispositivos m\u00f3viles.<\/p>\n<p aria-hidden=\"true\">\n<p>\u201cMe pareci\u00f3 muy pr\u00e1ctico y muy eficaz, m\u00e1s que nada, en la movilidad de transporte no tengo ninguna queja\u201d, destac\u00f3 Viviana del R\u00edo quien estudia la licenciatura de Seguridad P\u00fablica en la Universidad de Sonora.<\/p>\n<p aria-hidden=\"true\">\n<p>Por su parte Suzethe Machiche quien estudia Ingenier\u00eda Biom\u00e9dica en la Universidad de Sonora consider\u00f3 destac\u00f3 la rapidez con la que lleg\u00f3 a su destino y agradeci\u00f3 al presidente municipal por este programa que impacta a la juventud.<\/p>\n<p aria-hidden=\"true\">\n<p>El Gobierno Municipal encabezado por Antonio Astiazar\u00e1n refrenda el compromiso con la innovaci\u00f3n y sustentabilidad a trav\u00e9s del H Bus, un sistema innovador que transporta en condiciones c\u00f3modas y seguras a estudiantes de universidad quienes pueden monitorear el recorrido a trav\u00e9s de la plataforma hbus.hermosillo.gob.mx.<\/p>\n","protected":false},"excerpt":{"rendered":"<p>Hermosillo, Sonora a 17 de febrero, 2025.-\u00a0El H Bus ya est\u00e1 en ruta, expres\u00f3 Antonio Astiazar\u00e1n Guti\u00e9rrez al dar el banderazo de salida a los once camiones el\u00e9ctricos que desde las 5:00 am entraron en funciones para transportar de manera gratuita a estudiantes universitarios. El presidente municipal supervis\u00f3 desde temprana hora el arranque de las [&hellip;]<\/p>\n","protected":false},"author":2,"featured_media":208950,"comment_status":"closed","ping_status":"closed","sticky":false,"template":"","format":"standard","meta":{"footnotes":""},"categories":[12870,178],"tags":[12865,12869],"class_list":["post-208949","post","type-post","status-publish","format-standard","has-post-thumbnail","hentry","category-destacadas","category-local","tag-destacadas","tag-local"],"jetpack_featured_media_url":"https:\/\/rnoticias.com.mx\/Portal\/wp-content\/uploads\/2025\/02\/89-scaled.jpg","amp_enabled":true,"_links":{"self":[{"href":"https:\/\/rnoticias.com.mx\/Portal\/wp-json\/wp\/v2\/posts\/208949","targetHints":{"allow":["GET"]}}],"collection":[{"href":"https:\/\/rnoticias.com.mx\/Portal\/wp-json\/wp\/v2\/posts"}],"about":[{"href":"https:\/\/rnoticias.com.mx\/Portal\/wp-json\/wp\/v2\/types\/post"}],"author":[{"embeddable":true,"href":"https:\/\/rnoticias.com.mx\/Portal\/wp-json\/wp\/v2\/users\/2"}],"replies":[{"embeddable":true,"href":"https:\/\/rnoticias.com.mx\/Portal\/wp-json\/wp\/v2\/comments?post=208949"}],"version-history":[{"count":1,"href":"https:\/\/rnoticias.com.mx\/Portal\/wp-json\/wp\/v2\/posts\/208949\/revisions"}],"predecessor-version":[{"id":208951,"href":"https:\/\/rnoticias.com.mx\/Portal\/wp-json\/wp\/v2\/posts\/208949\/revisions\/208951"}],"wp:featuredmedia":[{"embeddable":true,"href":"https:\/\/rnoticias.com.mx\/Portal\/wp-json\/wp\/v2\/media\/208950"}],"wp:attachment":[{"href":"https:\/\/rnoticias.com.mx\/Portal\/wp-json\/wp\/v2\/media?parent=208949"}],"wp:term":[{"taxonomy":"category","embeddable":true,"href":"https:\/\/rnoticias.com.mx\/Portal\/wp-json\/wp\/v2\/categories?post=208949"},{"taxonomy":"post_tag","embeddable":true,"href":"https:\/\/rnoticias.com.mx\/Portal\/wp-json\/wp\/v2\/tags?post=208949"}],"curies":[{"name":"wp","href":"https:\/\/api.w.org\/{rel}","templated":true}]}}