{"id":208946,"date":"2025-02-17T21:48:58","date_gmt":"2025-02-17T21:48:58","guid":{"rendered":"https:\/\/rnoticias.com.mx\/Portal\/?p=208946"},"modified":"2025-02-17T21:48:58","modified_gmt":"2025-02-17T21:48:58","slug":"fortalecen-uts-e-icatson-generacion-de-empleos-y-educacion-de-excelencia-en-el-sur-de-sonora","status":"publish","type":"post","link":"https:\/\/rnoticias.com.mx\/Portal\/2025\/02\/17\/fortalecen-uts-e-icatson-generacion-de-empleos-y-educacion-de-excelencia-en-el-sur-de-sonora\/","title":{"rendered":"Fortalecen UTS e Icatson generaci\u00f3n de empleos y educaci\u00f3n de excelencia en el sur de Sonora"},"content":{"rendered":"<p align=\"left\">Cajeme, Sonora; 17 de febrero de 2025.- A trav\u00e9s de la capacitaci\u00f3n al personal docente, administrativo y estudiantes, as\u00ed como con acciones de vinculaci\u00f3n, la Universidad Tecnol\u00f3gica del Sur de Sonora (UTS) y el Instituto de Capacitaci\u00f3n Para el Trabajo del Estado de Sonora (Icatson) fortalecen la generaci\u00f3n de empleos y una educaci\u00f3n de excelencia.<\/p>\n<p align=\"left\">\n<p align=\"left\">Sergio Pablo Mariscal Alvarado, rector de la UTS y Manuel Eduardo Gallegos Salgado, director general del Icatson, formaron un convenio de colaboraci\u00f3n para que m\u00e1s sonorenses accedan a los talleres que ofrece el Instituto como parte del fomento de la capacitaci\u00f3n formal para el trabajo.<\/p>\n<p align=\"left\">\n<p align=\"left\">Ambos funcionarios estatales coincidieron en la importancia de generar esquemas de colaboraci\u00f3n, acordes a las acciones que promueve el gobernador Alfonso Durazo para impulsar el desarrollo productivo de la entidad, mediante una oferta de cursos pr\u00e1ctico-te\u00f3ricos alineados a las vocaciones econ\u00f3micas de cada regi\u00f3n.<\/p>\n<p align=\"left\">\n<p align=\"left\">Mariscal Alvarado agradeci\u00f3 la confianza de Icatson en la universidad y reafirm\u00f3 el compromiso de implementar programas efectivos que inviten a la constante preparaci\u00f3n de la comunidad acad\u00e9mica, a trav\u00e9s de los cursos y servicios con capacitaci\u00f3n de excelencia.<\/p>\n<p align=\"left\">\n<p align=\"left\">Como resultado del convenio, puntualiz\u00f3, se promover\u00e1n e implementar\u00e1n los programas de capacitaci\u00f3n del Icatson entre el sector productivo, sociedad civil y comunidad estudiantil de la Universidad Tecnol\u00f3gica del Sur de Sonora, as\u00ed como a los trabajadores adscritos al centro educativo.<\/p>\n","protected":false},"excerpt":{"rendered":"<p>Cajeme, Sonora; 17 de febrero de 2025.- A trav\u00e9s de la capacitaci\u00f3n al personal docente, administrativo y estudiantes, as\u00ed como con acciones de vinculaci\u00f3n, la Universidad Tecnol\u00f3gica del Sur de Sonora (UTS) y el Instituto de Capacitaci\u00f3n Para el Trabajo del Estado de Sonora (Icatson) fortalecen la generaci\u00f3n de empleos y una educaci\u00f3n de excelencia. [&hellip;]<\/p>\n","protected":false},"author":2,"featured_media":208947,"comment_status":"closed","ping_status":"closed","sticky":false,"template":"","format":"standard","meta":{"footnotes":""},"categories":[12870,174],"tags":[12865,12873],"class_list":["post-208946","post","type-post","status-publish","format-standard","has-post-thumbnail","hentry","category-destacadas","category-estatal","tag-destacadas","tag-estatal"],"jetpack_featured_media_url":"https:\/\/rnoticias.com.mx\/Portal\/wp-content\/uploads\/2025\/02\/unnamed-40.jpg","amp_enabled":true,"_links":{"self":[{"href":"https:\/\/rnoticias.com.mx\/Portal\/wp-json\/wp\/v2\/posts\/208946","targetHints":{"allow":["GET"]}}],"collection":[{"href":"https:\/\/rnoticias.com.mx\/Portal\/wp-json\/wp\/v2\/posts"}],"about":[{"href":"https:\/\/rnoticias.com.mx\/Portal\/wp-json\/wp\/v2\/types\/post"}],"author":[{"embeddable":true,"href":"https:\/\/rnoticias.com.mx\/Portal\/wp-json\/wp\/v2\/users\/2"}],"replies":[{"embeddable":true,"href":"https:\/\/rnoticias.com.mx\/Portal\/wp-json\/wp\/v2\/comments?post=208946"}],"version-history":[{"count":1,"href":"https:\/\/rnoticias.com.mx\/Portal\/wp-json\/wp\/v2\/posts\/208946\/revisions"}],"predecessor-version":[{"id":208948,"href":"https:\/\/rnoticias.com.mx\/Portal\/wp-json\/wp\/v2\/posts\/208946\/revisions\/208948"}],"wp:featuredmedia":[{"embeddable":true,"href":"https:\/\/rnoticias.com.mx\/Portal\/wp-json\/wp\/v2\/media\/208947"}],"wp:attachment":[{"href":"https:\/\/rnoticias.com.mx\/Portal\/wp-json\/wp\/v2\/media?parent=208946"}],"wp:term":[{"taxonomy":"category","embeddable":true,"href":"https:\/\/rnoticias.com.mx\/Portal\/wp-json\/wp\/v2\/categories?post=208946"},{"taxonomy":"post_tag","embeddable":true,"href":"https:\/\/rnoticias.com.mx\/Portal\/wp-json\/wp\/v2\/tags?post=208946"}],"curies":[{"name":"wp","href":"https:\/\/api.w.org\/{rel}","templated":true}]}}