{"id":208940,"date":"2025-02-17T21:00:14","date_gmt":"2025-02-17T21:00:14","guid":{"rendered":"https:\/\/rnoticias.com.mx\/Portal\/?p=208940"},"modified":"2025-02-17T21:00:14","modified_gmt":"2025-02-17T21:00:14","slug":"fallece-paquita-la-del-barrio","status":"publish","type":"post","link":"https:\/\/rnoticias.com.mx\/Portal\/2025\/02\/17\/fallece-paquita-la-del-barrio\/","title":{"rendered":"Fallece Paquita la del Barrio"},"content":{"rendered":"<p>La familia de Paquita la del Barrio inform\u00f3 la muerte\u00a0de la cantante mexicana este lunes 17 de febrero, a los 77 a\u00f1os.<\/p>\n<p>En un comunicado divulgado a trav\u00e9s de redes sociales, la familia de\u00a0Francisca Viveros Barradas, su nombre real, dijo:\u00a0<strong>&#8220;Con\u00a0profundo dolor y tristeza, confirmamos el sensible fallecimiento de nuestra querida\u00a0Paquita\u00a0la del Barrio, en su hogar en\u00a0Veracruz, siendo una artista \u00fanica e irrepetible, que nos dejar\u00e1 una huella imborrable en el coraz\u00f3n de todos los que la conocimos y disfrutamos de su m\u00fasica&#8221;.<\/strong><\/p>\n<p><strong>Paquita, conocida por sus canciones llenas de desamor, ha dejado un legado imborrable en la m\u00fasica ranchera.<\/strong><\/p>\n<p>La cantante originaria de Veracruz se convirti\u00f3 en un s\u00edmbolo para muchas generaciones, siendo una de las artistas m\u00e1s queridas de M\u00e9xico. Su m\u00fasica, caracterizada por himnos como &#8220;Rata de dos patas&#8221;\u00a0trasciende \u00e9pocas, y su presencia en los escenarios siempre estuvo marcada por su inconfundible energ\u00eda.<\/p>\n<p>La noticia ha dejado en shock a millones de seguidores que ahora la recuerdan con nostalgia y admiraci\u00f3n. Los detalles sobre su deceso a\u00fan no han sido confirmados, pero su legado musical perdurar\u00e1 por siempre.<\/p>\n<p>La familia tambi\u00e9n pide &#8220;de la manera m\u00e1s respetuosa, todos los medios de comunicaci\u00f3n de la opini\u00f3n p\u00fablica, que nos brindan, espacio y comprensi\u00f3n para que su familia pueda vivir su duelo en privacidad y paz&#8221;.<\/p>\n<p>&#8220;Agradecemos de antemano su comprensi\u00f3n y respeto en este momento, tan dif\u00edcil descanse en paz, tu m\u00fasica y legado, vivir\u00e1s siempre nuestros corazones.&#8221;<\/p>\n","protected":false},"excerpt":{"rendered":"<p>La familia de Paquita la del Barrio inform\u00f3 la muerte\u00a0de la cantante mexicana este lunes 17 de febrero, a los 77 a\u00f1os. En un comunicado divulgado a trav\u00e9s de redes sociales, la familia de\u00a0Francisca Viveros Barradas, su nombre real, dijo:\u00a0&#8220;Con\u00a0profundo dolor y tristeza, confirmamos el sensible fallecimiento de nuestra querida\u00a0Paquita\u00a0la del Barrio, en su hogar [&hellip;]<\/p>\n","protected":false},"author":2,"featured_media":208941,"comment_status":"closed","ping_status":"closed","sticky":false,"template":"","format":"standard","meta":{"footnotes":""},"categories":[12870,219],"tags":[12865,12875],"class_list":["post-208940","post","type-post","status-publish","format-standard","has-post-thumbnail","hentry","category-destacadas","category-espectaculos","tag-destacadas","tag-espectaculos"],"jetpack_featured_media_url":"https:\/\/rnoticias.com.mx\/Portal\/wp-content\/uploads\/2025\/02\/f960x540-262679_336754_5050.webp","amp_enabled":true,"_links":{"self":[{"href":"https:\/\/rnoticias.com.mx\/Portal\/wp-json\/wp\/v2\/posts\/208940","targetHints":{"allow":["GET"]}}],"collection":[{"href":"https:\/\/rnoticias.com.mx\/Portal\/wp-json\/wp\/v2\/posts"}],"about":[{"href":"https:\/\/rnoticias.com.mx\/Portal\/wp-json\/wp\/v2\/types\/post"}],"author":[{"embeddable":true,"href":"https:\/\/rnoticias.com.mx\/Portal\/wp-json\/wp\/v2\/users\/2"}],"replies":[{"embeddable":true,"href":"https:\/\/rnoticias.com.mx\/Portal\/wp-json\/wp\/v2\/comments?post=208940"}],"version-history":[{"count":1,"href":"https:\/\/rnoticias.com.mx\/Portal\/wp-json\/wp\/v2\/posts\/208940\/revisions"}],"predecessor-version":[{"id":208942,"href":"https:\/\/rnoticias.com.mx\/Portal\/wp-json\/wp\/v2\/posts\/208940\/revisions\/208942"}],"wp:featuredmedia":[{"embeddable":true,"href":"https:\/\/rnoticias.com.mx\/Portal\/wp-json\/wp\/v2\/media\/208941"}],"wp:attachment":[{"href":"https:\/\/rnoticias.com.mx\/Portal\/wp-json\/wp\/v2\/media?parent=208940"}],"wp:term":[{"taxonomy":"category","embeddable":true,"href":"https:\/\/rnoticias.com.mx\/Portal\/wp-json\/wp\/v2\/categories?post=208940"},{"taxonomy":"post_tag","embeddable":true,"href":"https:\/\/rnoticias.com.mx\/Portal\/wp-json\/wp\/v2\/tags?post=208940"}],"curies":[{"name":"wp","href":"https:\/\/api.w.org\/{rel}","templated":true}]}}