{"id":208888,"date":"2025-02-17T01:46:55","date_gmt":"2025-02-17T01:46:55","guid":{"rendered":"https:\/\/rnoticias.com.mx\/Portal\/?p=208888"},"modified":"2025-02-17T01:46:55","modified_gmt":"2025-02-17T01:46:55","slug":"shakira-es-hospitalizada-por-dolor-abdominal-y-cancela-concierto-en-peru","status":"publish","type":"post","link":"https:\/\/rnoticias.com.mx\/Portal\/2025\/02\/17\/shakira-es-hospitalizada-por-dolor-abdominal-y-cancela-concierto-en-peru\/","title":{"rendered":"Shakira es hospitalizada por dolor abdominal y cancela concierto en Per\u00fa"},"content":{"rendered":"<p>Luego de sufrir un dolor abdominal, la cantante colombiana Shakira fue hospitalizada en Lima, raz\u00f3n por la que cancel\u00f3 el primer concierto que ten\u00eda programado para este domingo en el Estadio Nacional de la capital peruana.<\/p>\n<p>A trav\u00e9s de su cuenta de X, la int\u00e9rprete de &#8220;Soltera&#8221; comparti\u00f3 el siguiente mensaje:<mark><strong>\u00a0&#8220;Lamento informarles que anoche tuve que acudir a urgencias por un cuadro abdominal y me encuentro hospitalizada en este momento&#8221;<\/strong><\/mark>.<\/p>\n<p>En la misma publicaci\u00f3n la colombiana detall\u00f3 que los m\u00e9dicos que le atienden le advirtieron que no se encuentra &#8220;en condiciones de presentar un concierto esta noche&#8221;.<\/p>\n<p><mark><strong>&#8220;Estoy muy triste de no poder subir al escenario el d\u00eda de hoy. He estado con una gran emoci\u00f3n e ilusi\u00f3n para reencontrarme con mi querido p\u00fablico peruano&#8221;<\/strong><\/mark>, a\u00f1adi\u00f3.<\/p>\n<p>La cantante, quien lleg\u00f3 el viernes pasado a Lima, manifest\u00f3 su expectativa de estar mejor este lunes para presentar su segundo concierto programado en el Estadio Nacional y remarc\u00f3 que su plan es realizar el &#8216;show&#8217; pendiente &#8220;en cuanto sea posible&#8221;.<\/p>\n<p><mark><strong>&#8220;Mi equipo y el promotor ya est\u00e1n trabajando en una nueva fecha para comunicarles&#8221;<\/strong><\/mark>, acot\u00f3 antes de agradecer por su &#8220;comprensi\u00f3n&#8221; a sus fan\u00e1ticos peruanos, que han agotado las entradas para sus dos actuaciones.<\/p>\n<p><strong>Medios locales informaron que Shakira fue ingresada durante la madrugada de este domingo en un cl\u00ednica de Lima tras presentar un aparente cuadro de gastritis.<\/strong><\/p>\n","protected":false},"excerpt":{"rendered":"<p>Luego de sufrir un dolor abdominal, la cantante colombiana Shakira fue hospitalizada en Lima, raz\u00f3n por la que cancel\u00f3 el primer concierto que ten\u00eda programado para este domingo en el Estadio Nacional de la capital peruana. A trav\u00e9s de su cuenta de X, la int\u00e9rprete de &#8220;Soltera&#8221; comparti\u00f3 el siguiente mensaje:\u00a0&#8220;Lamento informarles que anoche tuve [&hellip;]<\/p>\n","protected":false},"author":2,"featured_media":208889,"comment_status":"closed","ping_status":"closed","sticky":false,"template":"","format":"standard","meta":{"footnotes":""},"categories":[12870,219],"tags":[12865,12875],"class_list":["post-208888","post","type-post","status-publish","format-standard","has-post-thumbnail","hentry","category-destacadas","category-espectaculos","tag-destacadas","tag-espectaculos"],"jetpack_featured_media_url":"https:\/\/rnoticias.com.mx\/Portal\/wp-content\/uploads\/2025\/02\/8ed120d7edf7ec94cf047dcc2747e2cd.jpg","amp_enabled":true,"_links":{"self":[{"href":"https:\/\/rnoticias.com.mx\/Portal\/wp-json\/wp\/v2\/posts\/208888","targetHints":{"allow":["GET"]}}],"collection":[{"href":"https:\/\/rnoticias.com.mx\/Portal\/wp-json\/wp\/v2\/posts"}],"about":[{"href":"https:\/\/rnoticias.com.mx\/Portal\/wp-json\/wp\/v2\/types\/post"}],"author":[{"embeddable":true,"href":"https:\/\/rnoticias.com.mx\/Portal\/wp-json\/wp\/v2\/users\/2"}],"replies":[{"embeddable":true,"href":"https:\/\/rnoticias.com.mx\/Portal\/wp-json\/wp\/v2\/comments?post=208888"}],"version-history":[{"count":1,"href":"https:\/\/rnoticias.com.mx\/Portal\/wp-json\/wp\/v2\/posts\/208888\/revisions"}],"predecessor-version":[{"id":208890,"href":"https:\/\/rnoticias.com.mx\/Portal\/wp-json\/wp\/v2\/posts\/208888\/revisions\/208890"}],"wp:featuredmedia":[{"embeddable":true,"href":"https:\/\/rnoticias.com.mx\/Portal\/wp-json\/wp\/v2\/media\/208889"}],"wp:attachment":[{"href":"https:\/\/rnoticias.com.mx\/Portal\/wp-json\/wp\/v2\/media?parent=208888"}],"wp:term":[{"taxonomy":"category","embeddable":true,"href":"https:\/\/rnoticias.com.mx\/Portal\/wp-json\/wp\/v2\/categories?post=208888"},{"taxonomy":"post_tag","embeddable":true,"href":"https:\/\/rnoticias.com.mx\/Portal\/wp-json\/wp\/v2\/tags?post=208888"}],"curies":[{"name":"wp","href":"https:\/\/api.w.org\/{rel}","templated":true}]}}