{"id":208876,"date":"2025-02-17T01:39:35","date_gmt":"2025-02-17T01:39:35","guid":{"rendered":"https:\/\/rnoticias.com.mx\/Portal\/?p=208876"},"modified":"2025-02-17T01:39:35","modified_gmt":"2025-02-17T01:39:35","slug":"a-partir-de-este-lunes-inician-funciones-los-tres-arcos-de-seguridad-vial-en-hermosillo","status":"publish","type":"post","link":"https:\/\/rnoticias.com.mx\/Portal\/2025\/02\/17\/a-partir-de-este-lunes-inician-funciones-los-tres-arcos-de-seguridad-vial-en-hermosillo\/","title":{"rendered":"A partir de este lunes inician funciones los tres arcos de seguridad vial en Hermosillo"},"content":{"rendered":"<p><b><span lang=\"ES\" data-olk-copy-source=\"MessageBody\">Hermosillo, Sonora; 16 de febrero, 2025.-<\/span><\/b><span lang=\"ES\">\u00a0Como parte de las estrategias para reforzar la seguridad en Hermosillo, inicia operaciones los tres arcos de seguridad vial que el Ayuntamiento de Hermosillo instal\u00f3 en los principales accesos del norte, sur y \u00e1rea rural poniente de la ciudad, inform\u00f3 Astart\u00e9 Corro Ruiz, titular de la Direcci\u00f3n General de Desarrollo de Infraestructura.<\/span><\/p>\n<p><span lang=\"ES\">\u00a0<\/span><\/p>\n<p><span lang=\"ES\">El presidente municipal Antonio Astiazar\u00e1n Guti\u00e9rrez instruy\u00f3 sumar estas 3 obras con una inversi\u00f3n de 7.4 millones de pesos aunado a las estrategias, programas, acciones ya existentes de seguridad vial, la prevenci\u00f3n de accidente y mejorar las condiciones de desplazamiento en las r\u00faas intervenidas, revel\u00f3 Astart\u00e9 Corro Ruiz.<\/span><\/p>\n<p><span lang=\"ES\">\u00a0<\/span><\/p>\n<p><span lang=\"ES\">Las estructuras de 9.85 metros de altura cuentan con pantallas LED que exhibir\u00e1n informaci\u00f3n vial importante a quienes transitan en ambos sentidos y tendr\u00e1n c\u00e1maras de videovigilancia que registrar\u00e1n no s\u00f3lo el comportamiento del tr\u00e1fico sino tambi\u00e9n cualquier accidente o eventualidad que impacte en el flujo vehicular o amerite el uso de rutas alternas, mencion\u00f3 la funcionaria.<\/span><\/p>\n<p><span lang=\"ES\">\u00a0<\/span><\/p>\n<p><span lang=\"ES\">Detall\u00f3 que las pantallas est\u00e1n dise\u00f1adas para tolerar las condiciones clim\u00e1ticas extremas de la ciudad, as\u00ed como el acero de los arcos, al que se le aplic\u00f3 un tratamiento especializado para el mismo prop\u00f3sito, y la cimentaci\u00f3n est\u00e1 reforzada a fin de garantizar su fortaleza estructural.<\/span><\/p>\n<p><span lang=\"ES\">\u00a0<\/span><\/p>\n<p><span lang=\"ES\">En los 3 arcos de seguridad vial tambi\u00e9n se difundir\u00e1 informaci\u00f3n de inter\u00e9s sobre Hermosillo, programas institucionales y atractivos tur\u00edsticos, finaliz\u00f3.<\/span><\/p>\n<p><span lang=\"ES\">\u00a0<\/span><\/p>\n<p><span lang=\"ES\">A\u00f1adi\u00f3 que una vez que comiencen las c\u00e1maras de videovigilancia estar\u00e1n siendo monitoreadas por la Unidad de Ciudad Inteligente que opera en la Comandancia Norte, la cual mantiene supervisi\u00f3n permanente de todo lo que ocurre en las vialidades de la ciudad, destac\u00f3.<\/span><\/p>\n","protected":false},"excerpt":{"rendered":"<p>Hermosillo, Sonora; 16 de febrero, 2025.-\u00a0Como parte de las estrategias para reforzar la seguridad en Hermosillo, inicia operaciones los tres arcos de seguridad vial que el Ayuntamiento de Hermosillo instal\u00f3 en los principales accesos del norte, sur y \u00e1rea rural poniente de la ciudad, inform\u00f3 Astart\u00e9 Corro Ruiz, titular de la Direcci\u00f3n General de Desarrollo [&hellip;]<\/p>\n","protected":false},"author":2,"featured_media":208877,"comment_status":"closed","ping_status":"closed","sticky":false,"template":"","format":"standard","meta":{"footnotes":""},"categories":[12870,178],"tags":[12865,12869],"class_list":["post-208876","post","type-post","status-publish","format-standard","has-post-thumbnail","hentry","category-destacadas","category-local","tag-destacadas","tag-local"],"jetpack_featured_media_url":"https:\/\/rnoticias.com.mx\/Portal\/wp-content\/uploads\/2025\/02\/2.jpg","amp_enabled":true,"_links":{"self":[{"href":"https:\/\/rnoticias.com.mx\/Portal\/wp-json\/wp\/v2\/posts\/208876","targetHints":{"allow":["GET"]}}],"collection":[{"href":"https:\/\/rnoticias.com.mx\/Portal\/wp-json\/wp\/v2\/posts"}],"about":[{"href":"https:\/\/rnoticias.com.mx\/Portal\/wp-json\/wp\/v2\/types\/post"}],"author":[{"embeddable":true,"href":"https:\/\/rnoticias.com.mx\/Portal\/wp-json\/wp\/v2\/users\/2"}],"replies":[{"embeddable":true,"href":"https:\/\/rnoticias.com.mx\/Portal\/wp-json\/wp\/v2\/comments?post=208876"}],"version-history":[{"count":1,"href":"https:\/\/rnoticias.com.mx\/Portal\/wp-json\/wp\/v2\/posts\/208876\/revisions"}],"predecessor-version":[{"id":208878,"href":"https:\/\/rnoticias.com.mx\/Portal\/wp-json\/wp\/v2\/posts\/208876\/revisions\/208878"}],"wp:featuredmedia":[{"embeddable":true,"href":"https:\/\/rnoticias.com.mx\/Portal\/wp-json\/wp\/v2\/media\/208877"}],"wp:attachment":[{"href":"https:\/\/rnoticias.com.mx\/Portal\/wp-json\/wp\/v2\/media?parent=208876"}],"wp:term":[{"taxonomy":"category","embeddable":true,"href":"https:\/\/rnoticias.com.mx\/Portal\/wp-json\/wp\/v2\/categories?post=208876"},{"taxonomy":"post_tag","embeddable":true,"href":"https:\/\/rnoticias.com.mx\/Portal\/wp-json\/wp\/v2\/tags?post=208876"}],"curies":[{"name":"wp","href":"https:\/\/api.w.org\/{rel}","templated":true}]}}