{"id":208853,"date":"2025-02-16T01:11:08","date_gmt":"2025-02-16T01:11:08","guid":{"rendered":"https:\/\/rnoticias.com.mx\/Portal\/?p=208853"},"modified":"2025-02-16T01:11:08","modified_gmt":"2025-02-16T01:11:08","slug":"disfrutan-hermosillenses-de-una-velada-de-microfono-abierto-con-dedicasela-con-el-corazon-en-el-parque-madero","status":"publish","type":"post","link":"https:\/\/rnoticias.com.mx\/Portal\/2025\/02\/16\/disfrutan-hermosillenses-de-una-velada-de-microfono-abierto-con-dedicasela-con-el-corazon-en-el-parque-madero\/","title":{"rendered":"Disfrutan hermosillenses de una velada de micr\u00f3fono abierto con \u201cDed\u00edcasela con el coraz\u00f3n\u201d, en el Parque Madero"},"content":{"rendered":"<p><b><span data-olk-copy-source=\"MessageBody\">Hermosillo, Sonora; 15 de febrero, 2025.-<\/span><\/b>\u00a0Hermosillenses cantaron en la velada musical de micr\u00f3fono abierto \u201cDed\u00edcasela con el coraz\u00f3n\u201d, organizada por el Ayuntamiento de Hermosillo, a trav\u00e9s del Instituto Municipal de Cultura y Arte (IMCA), en el Parque Madero como parte de las celebraciones del D\u00eda del Amor y la Amistad.<\/p>\n<p>&nbsp;<\/p>\n<p>Los cientos de visitantes que este 14 de febrero acudieron a disfrutar las variadas amenidades del lugar se percataron de que algo especial empezaba a gestarse junto a la estructura luminosa con forma de coraz\u00f3n que fue colocada a un lado del Kiosco. Junto a este punto obligado para fotos de recuerdo del D\u00eda del Amor y la Amistad, personal del IMCA realiz\u00f3 una din\u00e1mica de micr\u00f3fono abierto y convoc\u00f3 a las y los asistentes para que dedicaran una canci\u00f3n y celebrar as\u00ed esta ocasi\u00f3n tan especial.<\/p>\n<p>&nbsp;<\/p>\n<p>Fue una de las actividades de la Agenda Cultura en el Parque, que se realiza en los espacios del Parque Madero. La primera sorpresa de la tarde la dio el joven Jes\u00fas Gonz\u00e1lez, quien result\u00f3 ser un cantante con entrenamiento vocal en la Casa de la Cultura de Sonora. Al tema \u201cSabor a m\u00ed\u201d, que interpret\u00f3 para su novia Michel le siguieron cuatro canciones m\u00e1s a petici\u00f3n del p\u00fablico presente.<\/p>\n<p>&nbsp;<\/p>\n<p>La peque\u00f1a Aurora, a sus 9 a\u00f1os con entusiasmo cautiv\u00f3 a quienes tuvieron la oportunidad de atestiguar su talento. Le siguieron tres jovencitas, quienes con el deleite de re\u00edr y divertirse juntas hicieron una gran interpretaci\u00f3n. La joven Ingrid Rangel tampoco esperaba que su tarde en el Parque Madero se convirtiera en una velada de romance ante personas de todas edades, quienes sonrieron con complicidad cuando su novio Rub\u00e9n Gerardo la present\u00f3 como el amor de su vida al dedicarle su primera interpretaci\u00f3n.<\/p>\n<p>&nbsp;<\/p>\n<p>Lo ocurrido en el D\u00eda del Amor y la Amistad en este emblem\u00e1tico parque, es parte de las actividades de la Agenda Cultura en el Parque, cuyo objetivo es ofrecer a la comunidad una agenda de esparcimiento, arte y convivencia familiar en el espacio p\u00fablico.<\/p>\n","protected":false},"excerpt":{"rendered":"<p>Hermosillo, Sonora; 15 de febrero, 2025.-\u00a0Hermosillenses cantaron en la velada musical de micr\u00f3fono abierto \u201cDed\u00edcasela con el coraz\u00f3n\u201d, organizada por el Ayuntamiento de Hermosillo, a trav\u00e9s del Instituto Municipal de Cultura y Arte (IMCA), en el Parque Madero como parte de las celebraciones del D\u00eda del Amor y la Amistad. &nbsp; Los cientos de visitantes [&hellip;]<\/p>\n","protected":false},"author":2,"featured_media":208854,"comment_status":"closed","ping_status":"closed","sticky":false,"template":"","format":"standard","meta":{"footnotes":""},"categories":[12870,178],"tags":[12865,12869],"class_list":["post-208853","post","type-post","status-publish","format-standard","has-post-thumbnail","hentry","category-destacadas","category-local","tag-destacadas","tag-local"],"jetpack_featured_media_url":"https:\/\/rnoticias.com.mx\/Portal\/wp-content\/uploads\/2025\/02\/87.jpg","amp_enabled":true,"_links":{"self":[{"href":"https:\/\/rnoticias.com.mx\/Portal\/wp-json\/wp\/v2\/posts\/208853","targetHints":{"allow":["GET"]}}],"collection":[{"href":"https:\/\/rnoticias.com.mx\/Portal\/wp-json\/wp\/v2\/posts"}],"about":[{"href":"https:\/\/rnoticias.com.mx\/Portal\/wp-json\/wp\/v2\/types\/post"}],"author":[{"embeddable":true,"href":"https:\/\/rnoticias.com.mx\/Portal\/wp-json\/wp\/v2\/users\/2"}],"replies":[{"embeddable":true,"href":"https:\/\/rnoticias.com.mx\/Portal\/wp-json\/wp\/v2\/comments?post=208853"}],"version-history":[{"count":1,"href":"https:\/\/rnoticias.com.mx\/Portal\/wp-json\/wp\/v2\/posts\/208853\/revisions"}],"predecessor-version":[{"id":208855,"href":"https:\/\/rnoticias.com.mx\/Portal\/wp-json\/wp\/v2\/posts\/208853\/revisions\/208855"}],"wp:featuredmedia":[{"embeddable":true,"href":"https:\/\/rnoticias.com.mx\/Portal\/wp-json\/wp\/v2\/media\/208854"}],"wp:attachment":[{"href":"https:\/\/rnoticias.com.mx\/Portal\/wp-json\/wp\/v2\/media?parent=208853"}],"wp:term":[{"taxonomy":"category","embeddable":true,"href":"https:\/\/rnoticias.com.mx\/Portal\/wp-json\/wp\/v2\/categories?post=208853"},{"taxonomy":"post_tag","embeddable":true,"href":"https:\/\/rnoticias.com.mx\/Portal\/wp-json\/wp\/v2\/tags?post=208853"}],"curies":[{"name":"wp","href":"https:\/\/api.w.org\/{rel}","templated":true}]}}