{"id":208846,"date":"2025-02-15T02:14:33","date_gmt":"2025-02-15T02:14:33","guid":{"rendered":"https:\/\/rnoticias.com.mx\/Portal\/?p=208846"},"modified":"2025-02-15T02:14:33","modified_gmt":"2025-02-15T02:14:33","slug":"gobierno-de-sonora-realizara-jornada-de-matrimonios-colectivos-2025","status":"publish","type":"post","link":"https:\/\/rnoticias.com.mx\/Portal\/2025\/02\/15\/gobierno-de-sonora-realizara-jornada-de-matrimonios-colectivos-2025\/","title":{"rendered":"Gobierno de Sonora realizar\u00e1 Jornada de Matrimonios Colectivos 2025"},"content":{"rendered":"<p align=\"left\">Hermosillo, Sonora; 14 de febrero de 2025.- Con el firme compromiso de fortalecer el bienestar de las familias sonorenses, el Gobierno de Sonora, a trav\u00e9s de la Secretar\u00eda de Gobierno, DIF Sonora y la Direcci\u00f3n General del Registro Civil, invita a las parejas a participar en la Jornada de Matrimonios Colectivos 2025.<\/p>\n<p align=\"left\">Este programa, impulsado por el gobernador Alfonso Durazo Monta\u00f1o, tiene como objetivo brindar certeza jur\u00eddica a quienes desean formalizar su uni\u00f3n, garantizando su derecho a un matrimonio legal y gratuito.<\/p>\n<p align=\"left\">Lizeth V\u00e1squez Ochoa, directora general de DIF Sonora, destac\u00f3 la importancia de esta jornada para la construcci\u00f3n de familias con mayor seguridad y protecci\u00f3n legal. \u201cEl matrimonio no solo representa un compromiso de amor, sino tambi\u00e9n un acto que otorga derechos y estabilidad a las familias, por ello desde DIF Sonora, nos sumamos a esta iniciativa con la convicci\u00f3n de fortalecer los n\u00facleos familiares como clave para el bienestar social y la prosperidad compartida\u201d, expres\u00f3.<\/p>\n<p align=\"left\">Las parejas interesadas pueden acercarse a los sistemas DIF de sus respectivos municipios para llevar la documentaci\u00f3n del 21 de febrero al 10 de marzo y en el caso de Hermosillo los registros se realizar\u00e1n en las oficinas de DIF Sonora, CREE y Centro N\u00e9idi para abarcar las zonas centro, norte y sur de la Capital.<\/p>\n<p align=\"left\">Por su parte, Ricardo Araiza Celaya, Subsecretario de Servicios de Gobierno, enfatiz\u00f3 acudir con los requisitos necesarios de ambos interesados para poder cumplir con el registro:<\/p>\n<p align=\"left\">\u2022Tener 18 a\u00f1os cumplidos.<\/p>\n<p align=\"left\">\u2022Llevar copia de la identificaci\u00f3n por ambos lados de ambos contrayentes y<\/p>\n<p align=\"left\">de los testigos.<\/p>\n<p align=\"left\">\u2022Acta de nacimiento certificada.<\/p>\n<p align=\"left\">\u2022Recibir pl\u00e1tica para evitar violencia en la familia.<\/p>\n<p align=\"left\">\u2022Certificado de no deudor alimentario moroso.<\/p>\n<p align=\"left\">Con esta Jornada comunitaria el Gobierno de Sonora reitera su compromiso de brindar certeza jur\u00eddica y protecci\u00f3n a los derechos de las familias sonorenses, con bodas a realizar en el periodo del 21 al 31 de marzo; para m\u00e1s informaci\u00f3n acudir a las oficinas de DIF Sonora en bulevar Luis Encinas y Monteverde, colonia San Benito; CREE Hermosillo en Calle 3 y Avenida Ley Federal del Trabajo en la colonia Bugambilias, y en Centro N\u00e9idi ubicado en bulevar Libertad y Progreso s\/n, colonia Adolfo de la Huerta, o bien comunicarse al tel\u00e9fono (662) 289 2603 o acercarse a las oficinas de su DIF Municipal.<\/p>\n","protected":false},"excerpt":{"rendered":"<p>Hermosillo, Sonora; 14 de febrero de 2025.- Con el firme compromiso de fortalecer el bienestar de las familias sonorenses, el Gobierno de Sonora, a trav\u00e9s de la Secretar\u00eda de Gobierno, DIF Sonora y la Direcci\u00f3n General del Registro Civil, invita a las parejas a participar en la Jornada de Matrimonios Colectivos 2025. Este programa, impulsado [&hellip;]<\/p>\n","protected":false},"author":2,"featured_media":208847,"comment_status":"closed","ping_status":"closed","sticky":false,"template":"","format":"standard","meta":{"footnotes":""},"categories":[12870,178],"tags":[12865,12869],"class_list":["post-208846","post","type-post","status-publish","format-standard","has-post-thumbnail","hentry","category-destacadas","category-local","tag-destacadas","tag-local"],"jetpack_featured_media_url":"https:\/\/rnoticias.com.mx\/Portal\/wp-content\/uploads\/2025\/02\/unnamed-36.jpg","amp_enabled":true,"_links":{"self":[{"href":"https:\/\/rnoticias.com.mx\/Portal\/wp-json\/wp\/v2\/posts\/208846","targetHints":{"allow":["GET"]}}],"collection":[{"href":"https:\/\/rnoticias.com.mx\/Portal\/wp-json\/wp\/v2\/posts"}],"about":[{"href":"https:\/\/rnoticias.com.mx\/Portal\/wp-json\/wp\/v2\/types\/post"}],"author":[{"embeddable":true,"href":"https:\/\/rnoticias.com.mx\/Portal\/wp-json\/wp\/v2\/users\/2"}],"replies":[{"embeddable":true,"href":"https:\/\/rnoticias.com.mx\/Portal\/wp-json\/wp\/v2\/comments?post=208846"}],"version-history":[{"count":1,"href":"https:\/\/rnoticias.com.mx\/Portal\/wp-json\/wp\/v2\/posts\/208846\/revisions"}],"predecessor-version":[{"id":208848,"href":"https:\/\/rnoticias.com.mx\/Portal\/wp-json\/wp\/v2\/posts\/208846\/revisions\/208848"}],"wp:featuredmedia":[{"embeddable":true,"href":"https:\/\/rnoticias.com.mx\/Portal\/wp-json\/wp\/v2\/media\/208847"}],"wp:attachment":[{"href":"https:\/\/rnoticias.com.mx\/Portal\/wp-json\/wp\/v2\/media?parent=208846"}],"wp:term":[{"taxonomy":"category","embeddable":true,"href":"https:\/\/rnoticias.com.mx\/Portal\/wp-json\/wp\/v2\/categories?post=208846"},{"taxonomy":"post_tag","embeddable":true,"href":"https:\/\/rnoticias.com.mx\/Portal\/wp-json\/wp\/v2\/tags?post=208846"}],"curies":[{"name":"wp","href":"https:\/\/api.w.org\/{rel}","templated":true}]}}