{"id":208818,"date":"2025-02-14T18:39:26","date_gmt":"2025-02-14T18:39:26","guid":{"rendered":"https:\/\/rnoticias.com.mx\/Portal\/?p=208818"},"modified":"2025-02-14T18:39:53","modified_gmt":"2025-02-14T18:39:53","slug":"este-lunes-abre-unison-convocatoria-para-aspirantes-a-ocupar-rectoria","status":"publish","type":"post","link":"https:\/\/rnoticias.com.mx\/Portal\/2025\/02\/14\/este-lunes-abre-unison-convocatoria-para-aspirantes-a-ocupar-rectoria\/","title":{"rendered":"Este lunes abre Unison convocatoria para aspirantes a ocupar Rector\u00eda"},"content":{"rendered":"<p>Desde este lunes 17 y hasta el jueves 20 de febrero, la Universidad de Sonora, tendr\u00e1 abierta la convocatoria para toda persona que desee aspirar a ocupar la rector\u00eda de la m\u00e1xima casa de estudios en la entidad para el periodo 2025-2029.<\/p>\n<p>&nbsp;<\/p>\n<p>Mar\u00eda Rita Plancarte Mart\u00ednez, rectora de la Unison, dio a conocer que ante la cercan\u00eda del final del periodo que ella ostenta actualmente, es prioritario que antes que termine este mes de febrero ya se conozcan a las mujeres y hombres que busquen dirigir los destinos de dicha instituci\u00f3n de educaci\u00f3n superior.<\/p>\n<p>&nbsp;<\/p>\n<p><strong>\u201cSer\u00e1 del 17 al 20 de febrero el tiempo donde los aspirantes a ese puesto se registren. Por eso habr\u00e1 una convocatoria que ser\u00e1 aprobada y se har\u00e1 p\u00fablica para la comunidad acad\u00e9mica y estudiantil en general, adem\u00e1s se establecer\u00e1n los pasos siguientes para ser candidato a rector de la Unison antes de terminar febrero\u201d, asever\u00f3.<\/strong><\/p>\n<p>&nbsp;<\/p>\n<p>Agreg\u00f3, que una vez que concluya ese primer filtro obligatorio, las y los aspirantes a la rector\u00eda, tendr\u00e1n del viernes 28 de febrero al lunes 24 de marzo para trabajar en su campa\u00f1a de difusi\u00f3n y promoci\u00f3n de propuestas en cada uno de los campus de la Universidad de Sonora.<\/p>\n<p>&nbsp;<\/p>\n<p><strong>\u201cTambi\u00e9n es muy importante que quienes compitan por ese cargo lleven sus propuestas a toda la comunidad estudiantil que son cerca de 50 mil en todos los campus y se pueda elegir a la o al ganador el pr\u00f3ximo 8 de abril del a\u00f1o en curso\u201d, dijo.<\/strong><\/p>\n<p>&nbsp;<\/p>\n<p>Finalmente, Mar\u00eda Rita Plancarte, mencion\u00f3 que la Comisi\u00f3n Electoral designada por el Colegiado Permanente de Asuntos Electorales, ser\u00e1 la encargada de elegir al rector o rectora que estar\u00e1 al frente de la Universidad para el periodo 2025-2029.<\/p>\n<p>&nbsp;<\/p>\n","protected":false},"excerpt":{"rendered":"<p>Desde este lunes 17 y hasta el jueves 20 de febrero, la Universidad de Sonora, tendr\u00e1 abierta la convocatoria para toda persona que desee aspirar a ocupar la rector\u00eda de la m\u00e1xima casa de estudios en la entidad para el periodo 2025-2029. &nbsp; Mar\u00eda Rita Plancarte Mart\u00ednez, rectora de la Unison, dio a conocer que [&hellip;]<\/p>\n","protected":false},"author":2,"featured_media":208821,"comment_status":"closed","ping_status":"closed","sticky":false,"template":"","format":"standard","meta":{"footnotes":""},"categories":[12870,178],"tags":[12865,12869],"class_list":["post-208818","post","type-post","status-publish","format-standard","has-post-thumbnail","hentry","category-destacadas","category-local","tag-destacadas","tag-local"],"jetpack_featured_media_url":"https:\/\/rnoticias.com.mx\/Portal\/wp-content\/uploads\/2025\/02\/Cuanto-se-paga-por-semestre-en-la-Universidad-de-Sonora.jpg","amp_enabled":true,"_links":{"self":[{"href":"https:\/\/rnoticias.com.mx\/Portal\/wp-json\/wp\/v2\/posts\/208818","targetHints":{"allow":["GET"]}}],"collection":[{"href":"https:\/\/rnoticias.com.mx\/Portal\/wp-json\/wp\/v2\/posts"}],"about":[{"href":"https:\/\/rnoticias.com.mx\/Portal\/wp-json\/wp\/v2\/types\/post"}],"author":[{"embeddable":true,"href":"https:\/\/rnoticias.com.mx\/Portal\/wp-json\/wp\/v2\/users\/2"}],"replies":[{"embeddable":true,"href":"https:\/\/rnoticias.com.mx\/Portal\/wp-json\/wp\/v2\/comments?post=208818"}],"version-history":[{"count":1,"href":"https:\/\/rnoticias.com.mx\/Portal\/wp-json\/wp\/v2\/posts\/208818\/revisions"}],"predecessor-version":[{"id":208820,"href":"https:\/\/rnoticias.com.mx\/Portal\/wp-json\/wp\/v2\/posts\/208818\/revisions\/208820"}],"wp:featuredmedia":[{"embeddable":true,"href":"https:\/\/rnoticias.com.mx\/Portal\/wp-json\/wp\/v2\/media\/208821"}],"wp:attachment":[{"href":"https:\/\/rnoticias.com.mx\/Portal\/wp-json\/wp\/v2\/media?parent=208818"}],"wp:term":[{"taxonomy":"category","embeddable":true,"href":"https:\/\/rnoticias.com.mx\/Portal\/wp-json\/wp\/v2\/categories?post=208818"},{"taxonomy":"post_tag","embeddable":true,"href":"https:\/\/rnoticias.com.mx\/Portal\/wp-json\/wp\/v2\/tags?post=208818"}],"curies":[{"name":"wp","href":"https:\/\/api.w.org\/{rel}","templated":true}]}}