{"id":207919,"date":"2025-02-06T01:35:40","date_gmt":"2025-02-06T01:35:40","guid":{"rendered":"https:\/\/rnoticias.com.mx\/Portal\/?p=207919"},"modified":"2025-02-06T01:35:40","modified_gmt":"2025-02-06T01:35:40","slug":"fgjes-investiga-ataque-directo-que-dejo-un-fallecido-y-dos-lesionados-colaterales-en-cajeme","status":"publish","type":"post","link":"https:\/\/rnoticias.com.mx\/Portal\/2025\/02\/06\/fgjes-investiga-ataque-directo-que-dejo-un-fallecido-y-dos-lesionados-colaterales-en-cajeme\/","title":{"rendered":"FGJES investiga ataque directo que dej\u00f3 un fallecido y dos lesionados colaterales en Cajeme"},"content":{"rendered":"<p>Cajeme, Sonora, 5 de febrero de 2025.- La Fiscal\u00eda General de Justicia del Estado de Sonora (FGJES) inici\u00f3 investigaciones sobre un ataque directo contra un masculino, quien perdi\u00f3 la vida en el lugar de los hechos, ocurridos en las calles Puerto Pe\u00f1asco y Coahuila, en la colonia M\u00e9xico, en Ciudad Obreg\u00f3n.<\/p>\n<p>Durante el incidente, dos personas resultaron lesionadas de forma colateral por esquirlas: un menor de 9 a\u00f1os con heridas superficiales en su brazo y Mar\u00eda Cruz \u201cN\u201d, de 58 a\u00f1os, con lesi\u00f3n en la pierna derecha; ambos se encuentran fuera de peligro, aunque permanecen bajo observaci\u00f3n m\u00e9dica en un hospital de Cajeme.<\/p>\n<p>La v\u00edctima, de momento no identificada, fue privada de la vida por disparos de arma de fuego por sujetos que arribaron en motocicleta al lugar para realizar el ataque directo.<\/p>\n<p>La Fiscal\u00eda General de Justicia del Estado de Sonora (FGJES) trabaja en coordinaci\u00f3n con autoridades de seguridad de los tres niveles para esclarecer los hechos y dar con los responsables.<\/p>\n","protected":false},"excerpt":{"rendered":"<p>Cajeme, Sonora, 5 de febrero de 2025.- La Fiscal\u00eda General de Justicia del Estado de Sonora (FGJES) inici\u00f3 investigaciones sobre un ataque directo contra un masculino, quien perdi\u00f3 la vida en el lugar de los hechos, ocurridos en las calles Puerto Pe\u00f1asco y Coahuila, en la colonia M\u00e9xico, en Ciudad Obreg\u00f3n. Durante el incidente, dos [&hellip;]<\/p>\n","protected":false},"author":2,"featured_media":207920,"comment_status":"closed","ping_status":"closed","sticky":false,"template":"","format":"standard","meta":{"footnotes":""},"categories":[12870,174],"tags":[12865,12873],"class_list":["post-207919","post","type-post","status-publish","format-standard","has-post-thumbnail","hentry","category-destacadas","category-estatal","tag-destacadas","tag-estatal"],"jetpack_featured_media_url":"https:\/\/rnoticias.com.mx\/Portal\/wp-content\/uploads\/2025\/02\/6bbb35bd-cc9f-4aaa-9fcf-4ebc31866c6d.jpg","amp_enabled":true,"_links":{"self":[{"href":"https:\/\/rnoticias.com.mx\/Portal\/wp-json\/wp\/v2\/posts\/207919","targetHints":{"allow":["GET"]}}],"collection":[{"href":"https:\/\/rnoticias.com.mx\/Portal\/wp-json\/wp\/v2\/posts"}],"about":[{"href":"https:\/\/rnoticias.com.mx\/Portal\/wp-json\/wp\/v2\/types\/post"}],"author":[{"embeddable":true,"href":"https:\/\/rnoticias.com.mx\/Portal\/wp-json\/wp\/v2\/users\/2"}],"replies":[{"embeddable":true,"href":"https:\/\/rnoticias.com.mx\/Portal\/wp-json\/wp\/v2\/comments?post=207919"}],"version-history":[{"count":1,"href":"https:\/\/rnoticias.com.mx\/Portal\/wp-json\/wp\/v2\/posts\/207919\/revisions"}],"predecessor-version":[{"id":207921,"href":"https:\/\/rnoticias.com.mx\/Portal\/wp-json\/wp\/v2\/posts\/207919\/revisions\/207921"}],"wp:featuredmedia":[{"embeddable":true,"href":"https:\/\/rnoticias.com.mx\/Portal\/wp-json\/wp\/v2\/media\/207920"}],"wp:attachment":[{"href":"https:\/\/rnoticias.com.mx\/Portal\/wp-json\/wp\/v2\/media?parent=207919"}],"wp:term":[{"taxonomy":"category","embeddable":true,"href":"https:\/\/rnoticias.com.mx\/Portal\/wp-json\/wp\/v2\/categories?post=207919"},{"taxonomy":"post_tag","embeddable":true,"href":"https:\/\/rnoticias.com.mx\/Portal\/wp-json\/wp\/v2\/tags?post=207919"}],"curies":[{"name":"wp","href":"https:\/\/api.w.org\/{rel}","templated":true}]}}