{"id":207913,"date":"2025-02-06T00:17:14","date_gmt":"2025-02-06T00:17:14","guid":{"rendered":"https:\/\/rnoticias.com.mx\/Portal\/?p=207913"},"modified":"2025-02-06T00:17:14","modified_gmt":"2025-02-06T00:17:14","slug":"vinculado-a-proceso-victor-hugo-n-por-la-muerte-de-dos-animales-de-compania-en-guaymas","status":"publish","type":"post","link":"https:\/\/rnoticias.com.mx\/Portal\/2025\/02\/06\/vinculado-a-proceso-victor-hugo-n-por-la-muerte-de-dos-animales-de-compania-en-guaymas\/","title":{"rendered":"Vinculado a proceso V\u00edctor Hugo \u201cN\u201d por la muerte de dos animales de compa\u00f1\u00eda en Guaymas"},"content":{"rendered":"<p>Guaymas, Sonora, 5 de febrero de 2025.- V\u00edctor Hugo \u201cN\u201d, de 34 a\u00f1os, ante los datos de prueba presentados por la Fiscal\u00eda General de Justicia del Estado de Sonora (FGJES), qued\u00f3 vinculado a proceso por el delito de crueldad contra los animales, en perjuicio de un canino, de aproximadamente 2 meses, y de un felino adulto, ambos privados de la vida.<\/p>\n<p>Los hechos, asentados en la carpeta de investigaci\u00f3n, se suscitaron el pasado 27 de enero en la calle 10 entre avenida 13 y callej\u00f3n Arroyo, en la colonia Centro, en Guaymas, Sonora, donde el imputado atac\u00f3 de manera injustificada al cachorro color caf\u00e9 y a un gato de color gris, golpe\u00e1ndolos brutalmente hasta causarles la muerte.<\/p>\n<p>La necropsia realizada por peritos especializados determin\u00f3 que las v\u00edctimas sufrieron fracturas en las costillas, lo que perfor\u00f3 sus pulmones y les provoc\u00f3 una hemorragia interna en el t\u00f3rax, siendo esta la causa de su fallecimiento de ambos animales de compa\u00f1\u00eda.<\/p>\n<p>En audiencia, el Juez lo vincul\u00f3 a proceso por delitos en contra de los animales por actos de crueldad y le impuso la medida cautelar de prisi\u00f3n preventiva justificada, para garantizar el desarrollo del proceso y evitar riesgos procesales.<\/p>\n<p>La Fiscal\u00eda General de Justicia del Estado de Sonora (FGJES) reitera su compromiso de combatir la crueldad animal y garantizar la aplicaci\u00f3n de la ley contra quienes cometan este tipo de delitos. El respeto y la protecci\u00f3n de los animales son fundamentales en una sociedad justa.<\/p>\n","protected":false},"excerpt":{"rendered":"<p>Guaymas, Sonora, 5 de febrero de 2025.- V\u00edctor Hugo \u201cN\u201d, de 34 a\u00f1os, ante los datos de prueba presentados por la Fiscal\u00eda General de Justicia del Estado de Sonora (FGJES), qued\u00f3 vinculado a proceso por el delito de crueldad contra los animales, en perjuicio de un canino, de aproximadamente 2 meses, y de un felino [&hellip;]<\/p>\n","protected":false},"author":2,"featured_media":207914,"comment_status":"closed","ping_status":"closed","sticky":false,"template":"","format":"standard","meta":{"footnotes":""},"categories":[12870,174],"tags":[12865,12873],"class_list":["post-207913","post","type-post","status-publish","format-standard","has-post-thumbnail","hentry","category-destacadas","category-estatal","tag-destacadas","tag-estatal"],"jetpack_featured_media_url":"https:\/\/rnoticias.com.mx\/Portal\/wp-content\/uploads\/2025\/02\/89617edb-0480-4621-87bd-dbeed728c36a.jpg","amp_enabled":true,"_links":{"self":[{"href":"https:\/\/rnoticias.com.mx\/Portal\/wp-json\/wp\/v2\/posts\/207913","targetHints":{"allow":["GET"]}}],"collection":[{"href":"https:\/\/rnoticias.com.mx\/Portal\/wp-json\/wp\/v2\/posts"}],"about":[{"href":"https:\/\/rnoticias.com.mx\/Portal\/wp-json\/wp\/v2\/types\/post"}],"author":[{"embeddable":true,"href":"https:\/\/rnoticias.com.mx\/Portal\/wp-json\/wp\/v2\/users\/2"}],"replies":[{"embeddable":true,"href":"https:\/\/rnoticias.com.mx\/Portal\/wp-json\/wp\/v2\/comments?post=207913"}],"version-history":[{"count":1,"href":"https:\/\/rnoticias.com.mx\/Portal\/wp-json\/wp\/v2\/posts\/207913\/revisions"}],"predecessor-version":[{"id":207915,"href":"https:\/\/rnoticias.com.mx\/Portal\/wp-json\/wp\/v2\/posts\/207913\/revisions\/207915"}],"wp:featuredmedia":[{"embeddable":true,"href":"https:\/\/rnoticias.com.mx\/Portal\/wp-json\/wp\/v2\/media\/207914"}],"wp:attachment":[{"href":"https:\/\/rnoticias.com.mx\/Portal\/wp-json\/wp\/v2\/media?parent=207913"}],"wp:term":[{"taxonomy":"category","embeddable":true,"href":"https:\/\/rnoticias.com.mx\/Portal\/wp-json\/wp\/v2\/categories?post=207913"},{"taxonomy":"post_tag","embeddable":true,"href":"https:\/\/rnoticias.com.mx\/Portal\/wp-json\/wp\/v2\/tags?post=207913"}],"curies":[{"name":"wp","href":"https:\/\/api.w.org\/{rel}","templated":true}]}}