{"id":207607,"date":"2025-02-03T02:43:13","date_gmt":"2025-02-03T02:43:13","guid":{"rendered":"https:\/\/rnoticias.com.mx\/Portal\/?p=207607"},"modified":"2025-02-03T02:43:13","modified_gmt":"2025-02-03T02:43:13","slug":"carin-leon-gana-su-primer-grammy-no-asiste-pero-reacciona-y-agradece-por-su-galardon","status":"publish","type":"post","link":"https:\/\/rnoticias.com.mx\/Portal\/2025\/02\/03\/carin-leon-gana-su-primer-grammy-no-asiste-pero-reacciona-y-agradece-por-su-galardon\/","title":{"rendered":"Carin Le\u00f3n gana su primer Grammy, no asiste pero reacciona y agradece por su galard\u00f3n"},"content":{"rendered":"<p>El cantante mexicano Car\u00edn Le\u00f3n logr\u00f3 ganar su primer Grammy en ausencia durante durante la ceremonia premiere de la edici\u00f3n 67 de los premios de la Academia que se celebr\u00f3 en el escenario del Peacock Theater de Los \u00c1ngeles, justo enfrente del Crypto.con Arena, donde se realiza este domingo la ceremonio principal de estos galardones a lo mejor de la m\u00fasica.<\/p>\n<p>La ausencia f\u00edsica de Le\u00f3n se debe a que se encontraba en la ciudad de Hermosillo, Sonora, en su natal M\u00e9xico, cumpliendo un \u201ccompromiso personal\u201d, seg\u00fan explic\u00f3 a Los Angeles Times en Espa\u00f1ol su publicista Lyda Bulla.<\/p>\n<p>A pesar de no haber asistido, el tambi\u00e9n ganador del Latin al mejor \u00e1lbum de m\u00fasica mexicana contempor\u00e1nea por \u201cBoca Chueca, Vol. 1\u201d el pasado noviembre en Miami, el sonorense estuvo muy pendiente y termin\u00f3 siendo el acreedor del Grammy al Mejor \u00c1lbum de M\u00fasica Mexicana (inclu\u00eddo el tejano) por esta misma producci\u00f3n. \u201cMi gente me siento muy contexto por esto que acaba de pasar\u201d, expres\u00f3 a trav\u00e9s de un comunicado.<\/p>\n<p>Tambi\u00e9n dijo \u201cGracias de todo coraz\u00f3n a todos ustedes por formar parte de este sue\u00f1o, felicidades a todos los nominados. Arriba M\u00e9xico, arriba Sonora\u2026\u201d.<\/p>\n<p>Carin Le\u00f3n se impuso en la categor\u00eda a otro de los favoritos, Peso Pluma, adem\u00e1s de Chiquis y el colombiano\u00a0<a class=\"link\" href=\"https:\/\/www.latimes.com\/espanol\/entretenimiento\/articulo\/2025-01-29\/jessi-uribe-el-colombiano-que-va-por-el-grammy-en-la-categoria-a-mejor-album-de-musica-mexicana\">Jessi Uribe.<\/a><\/p>\n<p>Este \u00e1lbum se lanz\u00f3 en mayo de 2024 y es uno de los trabajos discogr\u00e1ficos con mayor aceptaci\u00f3n en la m\u00fasica mexicana en los \u00faltimos a\u00f1os, adem\u00e1s de ser considerado como uno de los<a class=\"link\" href=\"https:\/\/57ka6icab.cc.rs6.net\/tn.jsp?f=001iWMaw8RFZF-050p-b_AbxZCy_XhbJsNMnfgddjhM3WS6Kkat0GhBKFjOAzh2VqifYIMJP5NGgL2Gz-54eGXrCzxaO_WLDvaFVuLrBGYLMHmG1qul_TP6kUnywVow9jmekfUgd_9JKrrnPDzkYJAr9aYT4a3FQpXqrW0BPNhdveK6jaKcSdgbw2_6M0gKpAttKhDbv9bhpvEVtuyTF51DT-76XMgDzrAkk5ywaZY7LWerGNJEH_BcwaoIoWP5wyP_&amp;c=fjMHVjm0VejuhFS3YKnxUTSKgu-rC0H74dOcfvG_0mNKNmVf7gITiA==&amp;ch=ZZ0C38YfNM-_eLERtgLAecjuf6lTCdOBCdQGPbwqtOf_i-08Wz8mgw==\" target=\"_blank\" rel=\"noopener\">\u00a0Mejores \u00c1lbumes Latinos del 2024<\/a>\u00a0por parte de Billboard.<\/p>\n<p>La producci\u00f3n, de 19 temas, muestran a Carin experimentando con una variedad de g\u00e9neros que han marcado su vida: desde el rock, el country, el pop y la m\u00fasica mexicana, ritmos que le acompa\u00f1an en la exploraci\u00f3n profunda de su esencia como persona y artista.<\/p>\n<p>El galard\u00f3n llega antes de su debut en el Festival Internacional de la Canci\u00f3n de Vi\u00f1a del Mar, en Chile, donde el int\u00e9rprete de temas como \u201cPrimera cita\u201d, \u201cNo es por ac\u00e1\u2019, \u201cUna vida pasada\u201d y \u2018Por culpa de un tercero\u201d, entre otros, se presentar\u00e1 en la Quinta Vergara con lo mejor de su repertorio de la m\u00fasica regional mexicana y sus fusiones. El Festival de Vi\u00f1a del Mar se celebrar\u00e1 este a\u00f1o del 23 al 28 de febrero.<\/p>\n<p>&nbsp;<\/p>\n<p>Los Angeles Times<\/p>\n","protected":false},"excerpt":{"rendered":"<p>El cantante mexicano Car\u00edn Le\u00f3n logr\u00f3 ganar su primer Grammy en ausencia durante durante la ceremonia premiere de la edici\u00f3n 67 de los premios de la Academia que se celebr\u00f3 en el escenario del Peacock Theater de Los \u00c1ngeles, justo enfrente del Crypto.con Arena, donde se realiza este domingo la ceremonio principal de estos galardones [&hellip;]<\/p>\n","protected":false},"author":2,"featured_media":207608,"comment_status":"closed","ping_status":"closed","sticky":false,"template":"","format":"standard","meta":{"footnotes":""},"categories":[12870,219],"tags":[12865,12875],"class_list":["post-207607","post","type-post","status-publish","format-standard","has-post-thumbnail","hentry","category-destacadas","category-espectaculos","tag-destacadas","tag-espectaculos"],"jetpack_featured_media_url":"https:\/\/rnoticias.com.mx\/Portal\/wp-content\/uploads\/2025\/02\/descarga.webp","amp_enabled":true,"_links":{"self":[{"href":"https:\/\/rnoticias.com.mx\/Portal\/wp-json\/wp\/v2\/posts\/207607","targetHints":{"allow":["GET"]}}],"collection":[{"href":"https:\/\/rnoticias.com.mx\/Portal\/wp-json\/wp\/v2\/posts"}],"about":[{"href":"https:\/\/rnoticias.com.mx\/Portal\/wp-json\/wp\/v2\/types\/post"}],"author":[{"embeddable":true,"href":"https:\/\/rnoticias.com.mx\/Portal\/wp-json\/wp\/v2\/users\/2"}],"replies":[{"embeddable":true,"href":"https:\/\/rnoticias.com.mx\/Portal\/wp-json\/wp\/v2\/comments?post=207607"}],"version-history":[{"count":1,"href":"https:\/\/rnoticias.com.mx\/Portal\/wp-json\/wp\/v2\/posts\/207607\/revisions"}],"predecessor-version":[{"id":207609,"href":"https:\/\/rnoticias.com.mx\/Portal\/wp-json\/wp\/v2\/posts\/207607\/revisions\/207609"}],"wp:featuredmedia":[{"embeddable":true,"href":"https:\/\/rnoticias.com.mx\/Portal\/wp-json\/wp\/v2\/media\/207608"}],"wp:attachment":[{"href":"https:\/\/rnoticias.com.mx\/Portal\/wp-json\/wp\/v2\/media?parent=207607"}],"wp:term":[{"taxonomy":"category","embeddable":true,"href":"https:\/\/rnoticias.com.mx\/Portal\/wp-json\/wp\/v2\/categories?post=207607"},{"taxonomy":"post_tag","embeddable":true,"href":"https:\/\/rnoticias.com.mx\/Portal\/wp-json\/wp\/v2\/tags?post=207607"}],"curies":[{"name":"wp","href":"https:\/\/api.w.org\/{rel}","templated":true}]}}