{"id":207479,"date":"2025-01-31T23:08:48","date_gmt":"2025-01-31T23:08:48","guid":{"rendered":"https:\/\/rnoticias.com.mx\/Portal\/?p=207479"},"modified":"2025-01-31T23:08:48","modified_gmt":"2025-01-31T23:08:48","slug":"se-recuperaran-ligeramente-las-temperaturas-en-sonora-conagua","status":"publish","type":"post","link":"https:\/\/rnoticias.com.mx\/Portal\/2025\/01\/31\/se-recuperaran-ligeramente-las-temperaturas-en-sonora-conagua\/","title":{"rendered":"Se recuperar\u00e1n ligeramente las temperaturas en Sonora: Conagua"},"content":{"rendered":"<p>En este fin de semana, los climas g\u00e9lidos dar\u00e1n tregua en Sonora y por ende se sentir\u00e1n d\u00edas m\u00e1s agradables en cuanto a temperaturas se refiere, inform\u00f3 la Comisi\u00f3n Nacional del Agua (Conagua).<\/p>\n<p>&nbsp;<\/p>\n<p>Gilberto Lagarda V\u00e1zquez, especialista t\u00e9cnico de la Conagua, dio a conocer que desde este viernes en la entidad se gestar\u00e1 una recuperaci\u00f3n de temperaturas tanto m\u00ednimas como m\u00e1ximas que se mantendr\u00e1 al menos dos semanas m\u00e1s.<\/p>\n<p>&nbsp;<\/p>\n<p><strong>\u201cA partir de este viernes en Sonora comenzar\u00e1n a incrementarse las temperaturas, habr\u00e1 puntos con el centro de la entidad que alcanzar\u00e1n los 30 grados o m\u00e1s durante el fin de semana e incluso hasta la pr\u00f3xima semana\u201d, asegur\u00f3.<\/strong><\/p>\n<p><strong>\u00a0<\/strong><\/p>\n<p>Agreg\u00f3, que ciudades como Hermosillo, alcanzar\u00e1n este fin de semana los 30 a los 33 grados, Cajeme de los 30 a los 32y Navojoa de los 32 a los 34 grados cent\u00edgrados.<\/p>\n<p>&nbsp;<\/p>\n<p>Finalmente, Gilberto Lagarda mencion\u00f3, que no se contemplan nuevos frentes fr\u00edos en los siguientes y lo cual sin duda va a ayudar por lo que las temperaturas sean agradables en el d\u00eda y fr\u00edas en las ma\u00f1anas y noches.<\/p>\n<p>&nbsp;<\/p>\n","protected":false},"excerpt":{"rendered":"<p>En este fin de semana, los climas g\u00e9lidos dar\u00e1n tregua en Sonora y por ende se sentir\u00e1n d\u00edas m\u00e1s agradables en cuanto a temperaturas se refiere, inform\u00f3 la Comisi\u00f3n Nacional del Agua (Conagua). &nbsp; Gilberto Lagarda V\u00e1zquez, especialista t\u00e9cnico de la Conagua, dio a conocer que desde este viernes en la entidad se gestar\u00e1 una [&hellip;]<\/p>\n","protected":false},"author":2,"featured_media":207480,"comment_status":"closed","ping_status":"closed","sticky":false,"template":"","format":"standard","meta":{"footnotes":""},"categories":[12870,174],"tags":[12865,12873],"class_list":["post-207479","post","type-post","status-publish","format-standard","has-post-thumbnail","hentry","category-destacadas","category-estatal","tag-destacadas","tag-estatal"],"jetpack_featured_media_url":"https:\/\/rnoticias.com.mx\/Portal\/wp-content\/uploads\/2025\/01\/clima-soleado.jpg","amp_enabled":true,"_links":{"self":[{"href":"https:\/\/rnoticias.com.mx\/Portal\/wp-json\/wp\/v2\/posts\/207479","targetHints":{"allow":["GET"]}}],"collection":[{"href":"https:\/\/rnoticias.com.mx\/Portal\/wp-json\/wp\/v2\/posts"}],"about":[{"href":"https:\/\/rnoticias.com.mx\/Portal\/wp-json\/wp\/v2\/types\/post"}],"author":[{"embeddable":true,"href":"https:\/\/rnoticias.com.mx\/Portal\/wp-json\/wp\/v2\/users\/2"}],"replies":[{"embeddable":true,"href":"https:\/\/rnoticias.com.mx\/Portal\/wp-json\/wp\/v2\/comments?post=207479"}],"version-history":[{"count":1,"href":"https:\/\/rnoticias.com.mx\/Portal\/wp-json\/wp\/v2\/posts\/207479\/revisions"}],"predecessor-version":[{"id":207481,"href":"https:\/\/rnoticias.com.mx\/Portal\/wp-json\/wp\/v2\/posts\/207479\/revisions\/207481"}],"wp:featuredmedia":[{"embeddable":true,"href":"https:\/\/rnoticias.com.mx\/Portal\/wp-json\/wp\/v2\/media\/207480"}],"wp:attachment":[{"href":"https:\/\/rnoticias.com.mx\/Portal\/wp-json\/wp\/v2\/media?parent=207479"}],"wp:term":[{"taxonomy":"category","embeddable":true,"href":"https:\/\/rnoticias.com.mx\/Portal\/wp-json\/wp\/v2\/categories?post=207479"},{"taxonomy":"post_tag","embeddable":true,"href":"https:\/\/rnoticias.com.mx\/Portal\/wp-json\/wp\/v2\/tags?post=207479"}],"curies":[{"name":"wp","href":"https:\/\/api.w.org\/{rel}","templated":true}]}}