{"id":207464,"date":"2025-01-31T22:36:30","date_gmt":"2025-01-31T22:36:30","guid":{"rendered":"https:\/\/rnoticias.com.mx\/Portal\/?p=207464"},"modified":"2025-01-31T22:36:30","modified_gmt":"2025-01-31T22:36:30","slug":"brinda-ayuntamiento-de-hermosillo-albergue-a-24-personas-en-situacion-de-calle","status":"publish","type":"post","link":"https:\/\/rnoticias.com.mx\/Portal\/2025\/01\/31\/brinda-ayuntamiento-de-hermosillo-albergue-a-24-personas-en-situacion-de-calle\/","title":{"rendered":"Brinda Ayuntamiento de Hermosillo albergue a 24 personas en situaci\u00f3n de calle"},"content":{"rendered":"<p><b data-olk-copy-source=\"MessageBody\">Hermosillo, Sonora; 31 de enero, 2025.-<\/b>\u00a0Relativo a las acciones que el Ayuntamiento de Hermosillo coordina para asistir al sector vulnerable en temporada invernal se brind\u00f3 albergue temporal a 24 adultos durante la noche del 30 de enero.<\/p>\n<p>Fueron 19 personas quienes recibieron albergue temporal en el Centro H\u00e1bitat del Poblado Miguel Alem\u00e1n, tres en Caf\u00e9 Combate y una en Solidaridad I quienes contaron con instalaciones apropiadas para resguardarse del fr\u00edo.<\/p>\n<p>Fernando Morales Flores, titular de la Coordinaci\u00f3n Municipal de Protecci\u00f3n Civil (CMPC) inform\u00f3 que se realizaron recorridos en las vialidades Matamoros, Jes\u00fas Garc\u00eda, Gast\u00f3n Madrid, Luis Encinas, Navarrete y Reforma de la colonia centro.<\/p>\n<p>As\u00ed mismo, elementos recorrieron el sector poniente como el bulevar Quiroga y Luis Donaldo Colosio y Garc\u00eda Morales para brindar asistencia y ofrecer traslado a los albergues temporales en caso de que personas en situaci\u00f3n vulnerable lo decidieran.<\/p>\n<p>\u201cEn el caso de las viviendas recomendamos evitar usar cualquier artefacto de carb\u00f3n o de le\u00f1a sin que est\u00e9 debidamente ventilado. En caso de utilizar material como carb\u00f3n o le\u00f1a tiene que estar ventilado para intoxicaciones por mon\u00f3xido de carbono\u201d, record\u00f3.<\/p>\n<p>El Gobierno Municipal continuar\u00e1 con albergues temporales activados y llevando a cabo rondines por diversas vialidades de Hermosillo con el objetivo de proteger a las personas en estado vulnerable ante el descenso de temperaturas.<\/p>\n","protected":false},"excerpt":{"rendered":"<p>Hermosillo, Sonora; 31 de enero, 2025.-\u00a0Relativo a las acciones que el Ayuntamiento de Hermosillo coordina para asistir al sector vulnerable en temporada invernal se brind\u00f3 albergue temporal a 24 adultos durante la noche del 30 de enero. Fueron 19 personas quienes recibieron albergue temporal en el Centro H\u00e1bitat del Poblado Miguel Alem\u00e1n, tres en Caf\u00e9 [&hellip;]<\/p>\n","protected":false},"author":2,"featured_media":207465,"comment_status":"closed","ping_status":"closed","sticky":false,"template":"","format":"standard","meta":{"footnotes":""},"categories":[12870,178],"tags":[12865,12869],"class_list":["post-207464","post","type-post","status-publish","format-standard","has-post-thumbnail","hentry","category-destacadas","category-local","tag-destacadas","tag-local"],"jetpack_featured_media_url":"https:\/\/rnoticias.com.mx\/Portal\/wp-content\/uploads\/2025\/01\/555.jpg","amp_enabled":true,"_links":{"self":[{"href":"https:\/\/rnoticias.com.mx\/Portal\/wp-json\/wp\/v2\/posts\/207464","targetHints":{"allow":["GET"]}}],"collection":[{"href":"https:\/\/rnoticias.com.mx\/Portal\/wp-json\/wp\/v2\/posts"}],"about":[{"href":"https:\/\/rnoticias.com.mx\/Portal\/wp-json\/wp\/v2\/types\/post"}],"author":[{"embeddable":true,"href":"https:\/\/rnoticias.com.mx\/Portal\/wp-json\/wp\/v2\/users\/2"}],"replies":[{"embeddable":true,"href":"https:\/\/rnoticias.com.mx\/Portal\/wp-json\/wp\/v2\/comments?post=207464"}],"version-history":[{"count":1,"href":"https:\/\/rnoticias.com.mx\/Portal\/wp-json\/wp\/v2\/posts\/207464\/revisions"}],"predecessor-version":[{"id":207466,"href":"https:\/\/rnoticias.com.mx\/Portal\/wp-json\/wp\/v2\/posts\/207464\/revisions\/207466"}],"wp:featuredmedia":[{"embeddable":true,"href":"https:\/\/rnoticias.com.mx\/Portal\/wp-json\/wp\/v2\/media\/207465"}],"wp:attachment":[{"href":"https:\/\/rnoticias.com.mx\/Portal\/wp-json\/wp\/v2\/media?parent=207464"}],"wp:term":[{"taxonomy":"category","embeddable":true,"href":"https:\/\/rnoticias.com.mx\/Portal\/wp-json\/wp\/v2\/categories?post=207464"},{"taxonomy":"post_tag","embeddable":true,"href":"https:\/\/rnoticias.com.mx\/Portal\/wp-json\/wp\/v2\/tags?post=207464"}],"curies":[{"name":"wp","href":"https:\/\/api.w.org\/{rel}","templated":true}]}}