{"id":207459,"date":"2025-01-31T17:34:10","date_gmt":"2025-01-31T17:34:10","guid":{"rendered":"https:\/\/rnoticias.com.mx\/Portal\/?p=207459"},"modified":"2025-01-31T17:34:10","modified_gmt":"2025-01-31T17:34:10","slug":"grupo-frontera-es-cancelado-en-mexico-por-apoyar-a-trump-y-la-deportacion-de-migrantes-por-nosotros-comen","status":"publish","type":"post","link":"https:\/\/rnoticias.com.mx\/Portal\/2025\/01\/31\/grupo-frontera-es-cancelado-en-mexico-por-apoyar-a-trump-y-la-deportacion-de-migrantes-por-nosotros-comen\/","title":{"rendered":"Grupo Frontera es cancelado en M\u00e9xico por &#8216;apoyar&#8217; a Trump y la deportaci\u00f3n de migrantes: &#8220;Por nosotros comen&#8221;"},"content":{"rendered":"<p data-t=\"{&quot;n&quot;:&quot;blueLinks&quot;}\"><strong>Grupo Frontera<\/strong>\u00a0se encuentra en el &#8216;ojo del hurac\u00e1n&#8217; en las \u00faltimas horas luego de que en redes sociales comenzara a circular una fuerte acusaci\u00f3n del presunto apoyo que<strong>\u00a0brindaron al presidente de Estados Unidos, Donald Trump.<\/strong><\/p>\n<p data-t=\"{&quot;n&quot;:&quot;blueLinks&quot;}\">Una joven en la plataforma de TikTok difundi\u00f3 un video donde puntualiz\u00f3 que<strong>\u00a0los integrantes de dicha agrupaci\u00f3n hab\u00edan ayudado a la campa\u00f1a del pol\u00edtico\u00a0<\/strong>por medio de videos y su voto, por lo cual ahora el p\u00fablico est\u00e1 sumamente enojado con ellos.<\/p>\n<p data-t=\"{&quot;n&quot;:&quot;blueLinks&quot;}\">La pol\u00e9mica en contra de los famosos comenz\u00f3 a crecer y hasta el momento no han dado a conocer alguna postura al respecto, pero lo cierto es que\u00a0<strong>usuarios esperan que en breve exista alg\u00fan tipo de comunicado.<\/strong><\/p>\n<p class=\"continue-read-break\" data-t=\"{&quot;n&quot;:&quot;blueLinks&quot;}\">Y es que actualmente la administraci\u00f3n de\u00a0<strong>Donald Trump inici\u00f3 una incansable b\u00fasqueda de personas inmigrantes en Estados Unidos<\/strong>\u00a0con el objetivo de deportarlos, por lo cual gran parte de Latinoam\u00e9rica se ha solidarizado con aquellos que viven con miedo de ser capturados.<\/p>\n<p data-t=\"{&quot;n&quot;:&quot;blueLinks&quot;}\">Lo cierto es que\u00a0<strong>ahora Grupo Frontera al parecer fue descubierto de presuntamente haber dado su voto al controvertido pol\u00edtico<\/strong>\u00a0y esto hizo enardecer a las redes sociales, quienes comenzaron a cancelarlos por tal hecho.<\/p>\n<h2 class=\"article-sub-heading\">Grupo Frontera es funado<\/h2>\n<p class=\"\" data-t=\"{&quot;n&quot;:&quot;blueLinks&quot;}\">Una usuaria fue quien los se\u00f1al\u00f3 de esto e incluso\u00a0<strong>mostr\u00f3 videos de familiares de los m\u00fasicos celebrando la victoria de Trump<\/strong>, adem\u00e1s de las evidencias donde los famosos revelaron su voto por el pol\u00edtico, sin embargo, todo esto ya ha sido eliminado.<\/p>\n<p data-t=\"{&quot;n&quot;:&quot;blueLinks&quot;}\">Pese a que<strong>\u00a0buscaron no dejar rastro de todo ello, internet no olvida y ya se desat\u00f3 un gran esc\u00e1ndalo\u00a0<\/strong>por tal situaci\u00f3n de manera que los mexicanos iniciaron una campa\u00f1a masiva para dejar de escucharlos al tiempo de destacar que no ser\u00e1n apoyados en nuestro pa\u00eds.<\/p>\n<p data-t=\"{&quot;n&quot;:&quot;blueLinks&quot;}\"><strong>Incluso han salido involucrados otros artistas y agrupaciones<\/strong>, pero no han dado a conocer algo que respalde tales se\u00f1alamientos de manera que solamente Grupo Frontera se ha visto realmente afectado por toda \u00e9sta pol\u00e9mica.<\/p>\n<div class=\"article-list-slot\">\n<ul>\n<li data-t=\"{&quot;n&quot;:&quot;blueLinks&quot;}\">&#8220;<em><strong>Quieren el apoyo latino y est\u00e1n contra sus propia comunidad.<\/strong>\u00a0UNFOLLOWED&#8221;.<\/em><\/li>\n<li data-t=\"{&quot;n&quot;:&quot;blueLinks&quot;}\"><em>&#8220;????????????????????????????????\u00a0<strong>no regresen a M\u00e9xico<\/strong>&#8220;.<\/em><\/li>\n<li data-t=\"{&quot;n&quot;:&quot;blueLinks&quot;}\"><em>&#8220;<strong>Hagan m\u00fasica en ingl\u00e9s<\/strong>\u00a0a ver si pegan no se olviden de sus ra\u00edces&#8221;.<\/em><\/li>\n<li data-t=\"{&quot;n&quot;:&quot;blueLinks&quot;}\"><em>&#8220;<strong>NO LOS QUEREMOS EN M\u00c9XICO<\/strong>&#8220;.<\/em><\/li>\n<li data-t=\"{&quot;n&quot;:&quot;blueLinks&quot;}\"><em>&#8220;<strong>Dejen de apoyar a Grupo Trumptera<\/strong>, si ellos no nos apoyan porque nosotros si a ellos? A CHASM!&#8221;.<\/em><\/li>\n<li data-t=\"{&quot;n&quot;:&quot;blueLinks&quot;}\"><em>&#8220;<strong>Qu\u00e9dense en USA<\/strong>, no los queremos en M\u00e9xico&#8221;.<\/em><\/li>\n<\/ul>\n<\/div>\n<p>&nbsp;<\/p>\n<p>&nbsp;<\/p>\n<p>Milenio<\/p>\n","protected":false},"excerpt":{"rendered":"<p>Grupo Frontera\u00a0se encuentra en el &#8216;ojo del hurac\u00e1n&#8217; en las \u00faltimas horas luego de que en redes sociales comenzara a circular una fuerte acusaci\u00f3n del presunto apoyo que\u00a0brindaron al presidente de Estados Unidos, Donald Trump. Una joven en la plataforma de TikTok difundi\u00f3 un video donde puntualiz\u00f3 que\u00a0los integrantes de dicha agrupaci\u00f3n hab\u00edan ayudado a [&hellip;]<\/p>\n","protected":false},"author":2,"featured_media":207460,"comment_status":"closed","ping_status":"closed","sticky":false,"template":"","format":"standard","meta":{"footnotes":""},"categories":[12870,219],"tags":[12865,12875],"class_list":["post-207459","post","type-post","status-publish","format-standard","has-post-thumbnail","hentry","category-destacadas","category-espectaculos","tag-destacadas","tag-espectaculos"],"jetpack_featured_media_url":"https:\/\/rnoticias.com.mx\/Portal\/wp-content\/uploads\/2025\/01\/Captura-de-pantalla-2025-01-30-173418.jpg","amp_enabled":true,"_links":{"self":[{"href":"https:\/\/rnoticias.com.mx\/Portal\/wp-json\/wp\/v2\/posts\/207459","targetHints":{"allow":["GET"]}}],"collection":[{"href":"https:\/\/rnoticias.com.mx\/Portal\/wp-json\/wp\/v2\/posts"}],"about":[{"href":"https:\/\/rnoticias.com.mx\/Portal\/wp-json\/wp\/v2\/types\/post"}],"author":[{"embeddable":true,"href":"https:\/\/rnoticias.com.mx\/Portal\/wp-json\/wp\/v2\/users\/2"}],"replies":[{"embeddable":true,"href":"https:\/\/rnoticias.com.mx\/Portal\/wp-json\/wp\/v2\/comments?post=207459"}],"version-history":[{"count":1,"href":"https:\/\/rnoticias.com.mx\/Portal\/wp-json\/wp\/v2\/posts\/207459\/revisions"}],"predecessor-version":[{"id":207461,"href":"https:\/\/rnoticias.com.mx\/Portal\/wp-json\/wp\/v2\/posts\/207459\/revisions\/207461"}],"wp:featuredmedia":[{"embeddable":true,"href":"https:\/\/rnoticias.com.mx\/Portal\/wp-json\/wp\/v2\/media\/207460"}],"wp:attachment":[{"href":"https:\/\/rnoticias.com.mx\/Portal\/wp-json\/wp\/v2\/media?parent=207459"}],"wp:term":[{"taxonomy":"category","embeddable":true,"href":"https:\/\/rnoticias.com.mx\/Portal\/wp-json\/wp\/v2\/categories?post=207459"},{"taxonomy":"post_tag","embeddable":true,"href":"https:\/\/rnoticias.com.mx\/Portal\/wp-json\/wp\/v2\/tags?post=207459"}],"curies":[{"name":"wp","href":"https:\/\/api.w.org\/{rel}","templated":true}]}}