{"id":207453,"date":"2025-01-31T17:30:32","date_gmt":"2025-01-31T17:30:32","guid":{"rendered":"https:\/\/rnoticias.com.mx\/Portal\/?p=207453"},"modified":"2025-01-31T17:30:32","modified_gmt":"2025-01-31T17:30:32","slug":"ine-e-iee-sonora-suscriben-convenio-de-colaboracion-con-la-secretaria-de-educacion-y-cultura-del-estado-para-el-proceso-electoral-extraordinario-del-poder-judicial-de-la-federacion-2024-2025","status":"publish","type":"post","link":"https:\/\/rnoticias.com.mx\/Portal\/2025\/01\/31\/ine-e-iee-sonora-suscriben-convenio-de-colaboracion-con-la-secretaria-de-educacion-y-cultura-del-estado-para-el-proceso-electoral-extraordinario-del-poder-judicial-de-la-federacion-2024-2025\/","title":{"rendered":"INE e IEE Sonora suscriben convenio de colaboraci\u00f3n con la Secretar\u00eda de Educaci\u00f3n y Cultura del Estado para el Proceso Electoral Extraordinario del Poder Judicial de la Federaci\u00f3n 2024-2025"},"content":{"rendered":"<p>En el marco del Proceso Electoral Extraordinario del Poder Judicial de la Federaci\u00f3n (PEEPJF) 2024-2025,\u00a0 la Vocal Ejecutiva del Instituto Nacional Electoral (INE) en el estado de Sonora, Ver\u00f3nica Sandoval Casta\u00f1eda; el Consejero Presidente del Instituto Estatal Electoral y de Participaci\u00f3n Ciudadana (IEEyPC), Neri Ruiz Arvizu; y el Secretario de Educaci\u00f3n y Cultura, Froyl\u00e1n G\u00e1mez Gamboa, suscribieron un convenio de apoyo y colaboraci\u00f3n para otorgar el uso de aulas y espacio de los planteles educativos para la pr\u00f3xima jornada electoral del Proceso Electoral Extraordinario del Poder Judicial de la Federaci\u00f3n 2024-2025.<\/p>\n<p>En el Convenio suscrito por las autoridades electorales y la Secretar\u00eda de Educaci\u00f3n y Cultura del Gobierno del Estado, se establecen las bases y mecanismos de cooperaci\u00f3n para otorgar el uso de las aulas y los espacios de los planteles educativos, en los cuales, se instalar\u00e1n las casillas seccionales del Proceso Electoral Extraordinario para la elecci\u00f3n de diversos cargos del Poder Judicial de la Federaci\u00f3n y del Poder Judicial del \u00e1mbito Local 2024-2025 en el estado de Sonora, y garantizar\u00e1 la accesibilidad de las personas con discapacidad, personas en situaci\u00f3n de vulnerabilidad y a la ciudadan\u00eda en general.<\/p>\n<p>&nbsp;<\/p>\n<p>En su mensaje, la Vocal Ejecutiva del INE, Ver\u00f3nica Sandoval Casta\u00f1eda explic\u00f3 que la normatividad electoral prev\u00e9 que la instalaci\u00f3n de las casillas sea en lugares p\u00fablicos preferentemente en escuelas; por lo que agradeci\u00f3 el apoyo para formalizar las gestiones que se han realizado, a fin de establecer acciones encaminadas a garantizar la instalaci\u00f3n de las casillas seccionales y se cumpla con los est\u00e1ndares de seguridad y accesibilidad necesarios para todas las personas votantes.<\/p>\n<p>Froyl\u00e1n G\u00e1mez Gamboa, Secretario de Educaci\u00f3n y Cultura en el Estado de Sonora, destac\u00f3 que la SEC colabora de la mano con las autoridades electorales para que la elecci\u00f3n del Poder Judicial se desarrolle en las mejores condiciones, y lograr que las escuelas sean los centros comunes de votaci\u00f3n para que la ciudadan\u00eda pueda expresar su voto.<\/p>\n<p>&nbsp;<\/p>\n<p>Agradeci\u00f3 la coordinaci\u00f3n que se reflejar\u00e1 en una jornada ejemplar para el estado de Sonora.<\/p>\n<p>&nbsp;<\/p>\n<p>Por su parte, Nery Ruiz Arvizu, Consejero Presidente del IEEyPC, mencion\u00f3 que el objetivo de este convenio aparte de la instalaci\u00f3n de las casillas es garantizar que todos los ciudadanos y ciudadanas de sonora puedan acudir a las urnas, en unas instalaciones que facilitar\u00e1n la accesibilidad y garantizar\u00e1 la seguridad de quienes acudan a ejercer voto en este proceso electoral in\u00e9dito.<\/p>\n<p>Con este compromiso, las instituciones involucradas reconocen la necesidad de garantizar la igualdad de oportunidades y de trato, as\u00ed como el ejercicio de los derechos humanos, particularmente los derechos pol\u00edtico-electorales de la ciudadan\u00eda, y de las personas con discapacidad o situaci\u00f3n de vulnerabilidad, mediante acciones que reduzcan los obst\u00e1culos f\u00edsicos que puedan presentar algunos domicilios en donde se estima se instalar\u00e1n 1,680 casillas seccionales en la jornada electoral del 1 de junio de 2025.<\/p>\n<p>Durante el acto estuvieron presentes por parte del INE, Karina Lirieth Moreno Ca\u00f1ez, Vocal Secretaria; Cesar Loustaunau Pellar, Vocal de Organizaci\u00f3n Electora, y por parte del IEE Sonora el Secretario Ejecutivo, Fernando Chapetti Siordia y las y los Consejeros Electorales <strong>Linda Viridiana Calder\u00f3n Monta\u00f1o<\/strong><strong>; <\/strong><strong>Flor Terecita Barcel\u00f3 Noriega<\/strong><strong>; <\/strong><strong>Wilfredo Roman Morales Silva<\/strong><strong> y <\/strong><strong>Jaime Olea Miranda<\/strong><strong>.<\/strong><\/p>\n<p>El evento se llev\u00f3 a cabo en punto de las 08:00 horas, en las instalaciones de la SEC en la entidad.<\/p>\n","protected":false},"excerpt":{"rendered":"<p>En el marco del Proceso Electoral Extraordinario del Poder Judicial de la Federaci\u00f3n (PEEPJF) 2024-2025,\u00a0 la Vocal Ejecutiva del Instituto Nacional Electoral (INE) en el estado de Sonora, Ver\u00f3nica Sandoval Casta\u00f1eda; el Consejero Presidente del Instituto Estatal Electoral y de Participaci\u00f3n Ciudadana (IEEyPC), Neri Ruiz Arvizu; y el Secretario de Educaci\u00f3n y Cultura, Froyl\u00e1n G\u00e1mez [&hellip;]<\/p>\n","protected":false},"author":2,"featured_media":207454,"comment_status":"closed","ping_status":"closed","sticky":false,"template":"","format":"standard","meta":{"footnotes":""},"categories":[12870,178],"tags":[12865,12869],"class_list":["post-207453","post","type-post","status-publish","format-standard","has-post-thumbnail","hentry","category-destacadas","category-local","tag-destacadas","tag-local"],"jetpack_featured_media_url":"https:\/\/rnoticias.com.mx\/Portal\/wp-content\/uploads\/2025\/01\/Sonora-Bol-4-1.jpg","amp_enabled":true,"_links":{"self":[{"href":"https:\/\/rnoticias.com.mx\/Portal\/wp-json\/wp\/v2\/posts\/207453","targetHints":{"allow":["GET"]}}],"collection":[{"href":"https:\/\/rnoticias.com.mx\/Portal\/wp-json\/wp\/v2\/posts"}],"about":[{"href":"https:\/\/rnoticias.com.mx\/Portal\/wp-json\/wp\/v2\/types\/post"}],"author":[{"embeddable":true,"href":"https:\/\/rnoticias.com.mx\/Portal\/wp-json\/wp\/v2\/users\/2"}],"replies":[{"embeddable":true,"href":"https:\/\/rnoticias.com.mx\/Portal\/wp-json\/wp\/v2\/comments?post=207453"}],"version-history":[{"count":1,"href":"https:\/\/rnoticias.com.mx\/Portal\/wp-json\/wp\/v2\/posts\/207453\/revisions"}],"predecessor-version":[{"id":207455,"href":"https:\/\/rnoticias.com.mx\/Portal\/wp-json\/wp\/v2\/posts\/207453\/revisions\/207455"}],"wp:featuredmedia":[{"embeddable":true,"href":"https:\/\/rnoticias.com.mx\/Portal\/wp-json\/wp\/v2\/media\/207454"}],"wp:attachment":[{"href":"https:\/\/rnoticias.com.mx\/Portal\/wp-json\/wp\/v2\/media?parent=207453"}],"wp:term":[{"taxonomy":"category","embeddable":true,"href":"https:\/\/rnoticias.com.mx\/Portal\/wp-json\/wp\/v2\/categories?post=207453"},{"taxonomy":"post_tag","embeddable":true,"href":"https:\/\/rnoticias.com.mx\/Portal\/wp-json\/wp\/v2\/tags?post=207453"}],"curies":[{"name":"wp","href":"https:\/\/api.w.org\/{rel}","templated":true}]}}