{"id":207447,"date":"2025-01-31T17:25:42","date_gmt":"2025-01-31T17:25:42","guid":{"rendered":"https:\/\/rnoticias.com.mx\/Portal\/?p=207447"},"modified":"2025-01-31T17:25:42","modified_gmt":"2025-01-31T17:25:42","slug":"inician-charlas-bajo-el-mezquite-en-el-ciad","status":"publish","type":"post","link":"https:\/\/rnoticias.com.mx\/Portal\/2025\/01\/31\/inician-charlas-bajo-el-mezquite-en-el-ciad\/","title":{"rendered":"Inician \u201cCharlas bajo el mezquite\u201d en el CIAD"},"content":{"rendered":"<p>El Centro de Investigaci\u00f3n en Alimentaci\u00f3n y Desarrollo (CIAD), a trav\u00e9s de su Coordinaci\u00f3n de Investigaci\u00f3n, ofrecer\u00e1 este a\u00f1o el ciclo de conferencias titulado \u201cCharlas bajo el mezquite\u201d, una iniciativa que busca difundir el trabajo de las y los investigadores que forman parte de las diversas coordinaciones de investigaci\u00f3n del CIAD mediante pl\u00e1ticas dirigidas al p\u00fablico en general, as\u00ed como a p\u00fablicos especializados.<\/p>\n<p>El nombre de este proyecto se inspira en un elemento ic\u00f3nico del CIAD: un majestuoso mezquite que desde hace m\u00e1s de 45 a\u00f1os brinda sombra e identidad al patio de la Coordinaci\u00f3n de Desarrollo Regional de la sede de Hermosillo, sede del evento. Este \u00e1rbol no solo representa un punto de reuni\u00f3n, sino tambi\u00e9n un s\u00edmbolo de la conexi\u00f3n entre la instituci\u00f3n y la comunidad.<\/p>\n<p>La primera conferencia de este ciclo se celebrar\u00e1 a las 10:00 horas del martes 28 de enero de 2025, y por \u00fanica ocasi\u00f3n, debido a razones climatol\u00f3gicas, la charla tendr\u00e1 lugar en la sala de juntas de la Unidad de Transferencia de la Innovaci\u00f3n, y estar\u00e1 titulada \u201cMicroRNAs: maestros de la regulaci\u00f3n g\u00e9nica; peque\u00f1os aliados para grandes soluciones\u201d, que ser\u00e1 impartida por la investigadora Mitzuko Dautt Castro, quien actualmente realiza su estancia posdoctoral en el CIAD bajo el programa Estancias Posdoctorales por M\u00e9xico.<\/p>\n<p>Dautt Castro es ingeniera biotecn\u00f3loga por el Instituto Tecnol\u00f3gico de Sonora, as\u00ed como maestra y doctora en gen\u00e9tica y biolog\u00eda molecular de plantas por el propio CIAD. Su l\u00ednea de investigaci\u00f3n se centra en los RNAs peque\u00f1os, particularmente en su papel durante la maduraci\u00f3n de frutos y en la comunicaci\u00f3n molecular entre plantas y microorganismos.<\/p>\n<p>La ponencia abordar\u00e1 temas de relevancia cient\u00edfica y tecnol\u00f3gica: qu\u00e9 son los microRNAs y c\u00f3mo regulan la expresi\u00f3n de genes, el impacto del intercambio de microRNAs entre organismos de distintos reinos y el desarrollo de productos agrobiotecnol\u00f3gicos innovadores utilizando microRNAs, entre otros.<\/p>\n<p>Rogerio Sotelo Mundo, coordinador de investigaci\u00f3n del CIAD y responsable de este proyecto, destac\u00f3 que esta serie de charlas tiene como principal objetivo crear nuevos puentes de comunicaci\u00f3n y vinculaci\u00f3n entre el CIAD y diversos sectores. Esto incluye a la sociedad en general, la academia local, el sector productivo y la comunidad interna de la instituci\u00f3n.<\/p>\n<p>Asimismo, enfatiz\u00f3 que estas conferencias representan una oportunidad \u00fanica para que el p\u00fablico conozca de manera sencilla y accesible el quehacer cient\u00edfico que se realiza en el CIAD, a la vez que se busca fomentar el intercambio de ideas y la colaboraci\u00f3n entre las y los investigadores con otros sectores de la sociedad.<\/p>\n<p>\u201cCharlas bajo el mezquite\u201d se perfila como un espacio de di\u00e1logo enriquecedor donde las y los asistentes podr\u00e1n no solo aprender sobre temas de actualidad cient\u00edfica, sino tambi\u00e9n apreciar el impacto que la investigaci\u00f3n tiene en la vida cotidiana y el desarrollo regional.<\/p>\n","protected":false},"excerpt":{"rendered":"<p>El Centro de Investigaci\u00f3n en Alimentaci\u00f3n y Desarrollo (CIAD), a trav\u00e9s de su Coordinaci\u00f3n de Investigaci\u00f3n, ofrecer\u00e1 este a\u00f1o el ciclo de conferencias titulado \u201cCharlas bajo el mezquite\u201d, una iniciativa que busca difundir el trabajo de las y los investigadores que forman parte de las diversas coordinaciones de investigaci\u00f3n del CIAD mediante pl\u00e1ticas dirigidas al [&hellip;]<\/p>\n","protected":false},"author":2,"featured_media":207448,"comment_status":"closed","ping_status":"closed","sticky":false,"template":"","format":"standard","meta":{"footnotes":""},"categories":[178],"tags":[12869],"class_list":["post-207447","post","type-post","status-publish","format-standard","has-post-thumbnail","hentry","category-local","tag-local"],"jetpack_featured_media_url":"https:\/\/rnoticias.com.mx\/Portal\/wp-content\/uploads\/2025\/01\/INICIAN-CHARLAS-BAJO-EL-MEZQUITE-EN-EL-CIAD-900x450-1.jpg","amp_enabled":true,"_links":{"self":[{"href":"https:\/\/rnoticias.com.mx\/Portal\/wp-json\/wp\/v2\/posts\/207447","targetHints":{"allow":["GET"]}}],"collection":[{"href":"https:\/\/rnoticias.com.mx\/Portal\/wp-json\/wp\/v2\/posts"}],"about":[{"href":"https:\/\/rnoticias.com.mx\/Portal\/wp-json\/wp\/v2\/types\/post"}],"author":[{"embeddable":true,"href":"https:\/\/rnoticias.com.mx\/Portal\/wp-json\/wp\/v2\/users\/2"}],"replies":[{"embeddable":true,"href":"https:\/\/rnoticias.com.mx\/Portal\/wp-json\/wp\/v2\/comments?post=207447"}],"version-history":[{"count":1,"href":"https:\/\/rnoticias.com.mx\/Portal\/wp-json\/wp\/v2\/posts\/207447\/revisions"}],"predecessor-version":[{"id":207449,"href":"https:\/\/rnoticias.com.mx\/Portal\/wp-json\/wp\/v2\/posts\/207447\/revisions\/207449"}],"wp:featuredmedia":[{"embeddable":true,"href":"https:\/\/rnoticias.com.mx\/Portal\/wp-json\/wp\/v2\/media\/207448"}],"wp:attachment":[{"href":"https:\/\/rnoticias.com.mx\/Portal\/wp-json\/wp\/v2\/media?parent=207447"}],"wp:term":[{"taxonomy":"category","embeddable":true,"href":"https:\/\/rnoticias.com.mx\/Portal\/wp-json\/wp\/v2\/categories?post=207447"},{"taxonomy":"post_tag","embeddable":true,"href":"https:\/\/rnoticias.com.mx\/Portal\/wp-json\/wp\/v2\/tags?post=207447"}],"curies":[{"name":"wp","href":"https:\/\/api.w.org\/{rel}","templated":true}]}}