{"id":207368,"date":"2025-01-30T22:14:24","date_gmt":"2025-01-30T22:14:24","guid":{"rendered":"https:\/\/rnoticias.com.mx\/Portal\/?p=207368"},"modified":"2025-01-30T22:14:24","modified_gmt":"2025-01-30T22:14:24","slug":"mantiene-gobierno-municipal-operativo-de-asistencia-humanitaria-por-frio","status":"publish","type":"post","link":"https:\/\/rnoticias.com.mx\/Portal\/2025\/01\/30\/mantiene-gobierno-municipal-operativo-de-asistencia-humanitaria-por-frio\/","title":{"rendered":"Mantiene Gobierno Municipal operativo de asistencia humanitaria por fr\u00edo"},"content":{"rendered":"<p>Hermosillo, Sonora; enero 30, 2025.- Los 3 albergues que el Ayuntamiento de Hermosillo mantiene habilitados durante la temporada invernal proporcionaron alojamiento temporal durante la noche del mi\u00e9rcoles 29 de enero a 38 personas adultas, inform\u00f3 la Coordinaci\u00f3n Municipal de Protecci\u00f3n Civil.<\/p>\n<p>Dicha asistencia la recibieron 11 usuarios en el Centro H\u00e1bitat de la colonia Caf\u00e9 Combate, 4 en el Centro H\u00e1bitat Solidaridad 1 y 23 en Miguel Alem\u00e1n.<\/p>\n<p>En forma paralela, durante la noche del mi\u00e9rcoles y madrugada del jueves y se efectuaron recorridos por puntos de la ciudad donde coinciden personas en los que se les ofreci\u00f3 traslado a los albergues temporales.<\/p>\n<p>A quienes prefirieron permanecer en dichos lugares se les distribuyeron 25 cobijas y bebidas calientes, como una forma de ayudarlos a sortear el ambiente fr\u00edo.<\/p>\n<p>El personal de las dependencias municipales que conforman el Comit\u00e9 Operativo de Emergencias de Hermosillo continuar\u00e1 el monitoreo de los pron\u00f3sticos meteorol\u00f3gicos a fin de ejecutar las acciones que sean necesarias para proteger a la poblaci\u00f3n y emitir recomendaciones como el uso de prendas de abrigo y prevenci\u00f3n de accidentes relacionados con calefactores, braceros, anafres, fogatas y chimeneas.<\/p>\n","protected":false},"excerpt":{"rendered":"<p>Hermosillo, Sonora; enero 30, 2025.- Los 3 albergues que el Ayuntamiento de Hermosillo mantiene habilitados durante la temporada invernal proporcionaron alojamiento temporal durante la noche del mi\u00e9rcoles 29 de enero a 38 personas adultas, inform\u00f3 la Coordinaci\u00f3n Municipal de Protecci\u00f3n Civil. Dicha asistencia la recibieron 11 usuarios en el Centro H\u00e1bitat de la colonia Caf\u00e9 [&hellip;]<\/p>\n","protected":false},"author":2,"featured_media":207369,"comment_status":"closed","ping_status":"closed","sticky":false,"template":"","format":"standard","meta":{"footnotes":""},"categories":[12870,178],"tags":[12865,12869],"class_list":["post-207368","post","type-post","status-publish","format-standard","has-post-thumbnail","hentry","category-destacadas","category-local","tag-destacadas","tag-local"],"jetpack_featured_media_url":"https:\/\/rnoticias.com.mx\/Portal\/wp-content\/uploads\/2025\/01\/780d4930-ab0b-4787-9452-fdf5af1f7667.jpg","amp_enabled":true,"_links":{"self":[{"href":"https:\/\/rnoticias.com.mx\/Portal\/wp-json\/wp\/v2\/posts\/207368","targetHints":{"allow":["GET"]}}],"collection":[{"href":"https:\/\/rnoticias.com.mx\/Portal\/wp-json\/wp\/v2\/posts"}],"about":[{"href":"https:\/\/rnoticias.com.mx\/Portal\/wp-json\/wp\/v2\/types\/post"}],"author":[{"embeddable":true,"href":"https:\/\/rnoticias.com.mx\/Portal\/wp-json\/wp\/v2\/users\/2"}],"replies":[{"embeddable":true,"href":"https:\/\/rnoticias.com.mx\/Portal\/wp-json\/wp\/v2\/comments?post=207368"}],"version-history":[{"count":1,"href":"https:\/\/rnoticias.com.mx\/Portal\/wp-json\/wp\/v2\/posts\/207368\/revisions"}],"predecessor-version":[{"id":207370,"href":"https:\/\/rnoticias.com.mx\/Portal\/wp-json\/wp\/v2\/posts\/207368\/revisions\/207370"}],"wp:featuredmedia":[{"embeddable":true,"href":"https:\/\/rnoticias.com.mx\/Portal\/wp-json\/wp\/v2\/media\/207369"}],"wp:attachment":[{"href":"https:\/\/rnoticias.com.mx\/Portal\/wp-json\/wp\/v2\/media?parent=207368"}],"wp:term":[{"taxonomy":"category","embeddable":true,"href":"https:\/\/rnoticias.com.mx\/Portal\/wp-json\/wp\/v2\/categories?post=207368"},{"taxonomy":"post_tag","embeddable":true,"href":"https:\/\/rnoticias.com.mx\/Portal\/wp-json\/wp\/v2\/tags?post=207368"}],"curies":[{"name":"wp","href":"https:\/\/api.w.org\/{rel}","templated":true}]}}