{"id":207256,"date":"2025-01-29T23:29:32","date_gmt":"2025-01-29T23:29:32","guid":{"rendered":"https:\/\/rnoticias.com.mx\/Portal\/?p=207256"},"modified":"2025-01-29T23:29:32","modified_gmt":"2025-01-29T23:29:32","slug":"aseguran-droga-y-detienen-a-imputado-por-narcomenudeo-en-operativo-conjunto-en-slrc","status":"publish","type":"post","link":"https:\/\/rnoticias.com.mx\/Portal\/2025\/01\/29\/aseguran-droga-y-detienen-a-imputado-por-narcomenudeo-en-operativo-conjunto-en-slrc\/","title":{"rendered":"Aseguran droga y detienen a imputado por narcomenudeo en operativo conjunto en SLRC"},"content":{"rendered":"<p>San Luis R\u00edo Colorado, Sonora, 29 de enero de 2025.- En un operativo conjunto entre la Secretar\u00eda de la Defensa Nacional (DEFENSA), la Agencia Ministerial de Investigaci\u00f3n Criminal (AMIC) y la Guardia Nacional (GN), se llev\u00f3 a cabo un cateo en la Avenida donde se logr\u00f3 el aseguramiento de un imputado y droga en el interior del domicilio.<\/p>\n<p>La diligencia tuvo lugar en un inmueble de la calle Bolivia B, de la colonia Grullitas, en San Luis R\u00edo Colorado en seguimiento de diversas investigaciones que forman parte de la estrategia de combate al crimen organizado en la ciudad.<\/p>\n<p>Durante el cateo, se detuvo a Jes\u00fas Alejandro \u201cN\u201d, de 28 a\u00f1os de edad, originario de Sinaloa, quien cuenta con antecedentes penales por el delito de narcomenudeo.<\/p>\n<p>Adem\u00e1s del detenido, en el interior del inmueble se aseguraron 36 envoltorios con la droga sint\u00e9tica conocida como cristal, los cuales quedaron a disposici\u00f3n de la Agencia Ministerial de Procuraci\u00f3n de Justicia y Combate al Fuero Com\u00fan para las investigaciones pertinentes.<\/p>\n<p>La Fiscal\u00eda General de Justicia del Estado de Sonora (FGJES) reitera su compromiso de trabajar en coordinaci\u00f3n con las instituciones de seguridad para combatir el delito de narcomenudeo y garantizar la seguridad de la ciudadan\u00eda. Estas acciones refuerzan la estrategia integral para prevenir y erradicar las actividades il\u00edcitas en la entidad.<\/p>\n","protected":false},"excerpt":{"rendered":"<p>San Luis R\u00edo Colorado, Sonora, 29 de enero de 2025.- En un operativo conjunto entre la Secretar\u00eda de la Defensa Nacional (DEFENSA), la Agencia Ministerial de Investigaci\u00f3n Criminal (AMIC) y la Guardia Nacional (GN), se llev\u00f3 a cabo un cateo en la Avenida donde se logr\u00f3 el aseguramiento de un imputado y droga en el [&hellip;]<\/p>\n","protected":false},"author":2,"featured_media":207257,"comment_status":"closed","ping_status":"closed","sticky":false,"template":"","format":"standard","meta":{"footnotes":""},"categories":[174],"tags":[12873],"class_list":["post-207256","post","type-post","status-publish","format-standard","has-post-thumbnail","hentry","category-estatal","tag-estatal"],"jetpack_featured_media_url":"https:\/\/rnoticias.com.mx\/Portal\/wp-content\/uploads\/2025\/01\/10028aca-da4a-455e-8080-67cb20a09e66.jpg","amp_enabled":true,"_links":{"self":[{"href":"https:\/\/rnoticias.com.mx\/Portal\/wp-json\/wp\/v2\/posts\/207256","targetHints":{"allow":["GET"]}}],"collection":[{"href":"https:\/\/rnoticias.com.mx\/Portal\/wp-json\/wp\/v2\/posts"}],"about":[{"href":"https:\/\/rnoticias.com.mx\/Portal\/wp-json\/wp\/v2\/types\/post"}],"author":[{"embeddable":true,"href":"https:\/\/rnoticias.com.mx\/Portal\/wp-json\/wp\/v2\/users\/2"}],"replies":[{"embeddable":true,"href":"https:\/\/rnoticias.com.mx\/Portal\/wp-json\/wp\/v2\/comments?post=207256"}],"version-history":[{"count":1,"href":"https:\/\/rnoticias.com.mx\/Portal\/wp-json\/wp\/v2\/posts\/207256\/revisions"}],"predecessor-version":[{"id":207258,"href":"https:\/\/rnoticias.com.mx\/Portal\/wp-json\/wp\/v2\/posts\/207256\/revisions\/207258"}],"wp:featuredmedia":[{"embeddable":true,"href":"https:\/\/rnoticias.com.mx\/Portal\/wp-json\/wp\/v2\/media\/207257"}],"wp:attachment":[{"href":"https:\/\/rnoticias.com.mx\/Portal\/wp-json\/wp\/v2\/media?parent=207256"}],"wp:term":[{"taxonomy":"category","embeddable":true,"href":"https:\/\/rnoticias.com.mx\/Portal\/wp-json\/wp\/v2\/categories?post=207256"},{"taxonomy":"post_tag","embeddable":true,"href":"https:\/\/rnoticias.com.mx\/Portal\/wp-json\/wp\/v2\/tags?post=207256"}],"curies":[{"name":"wp","href":"https:\/\/api.w.org\/{rel}","templated":true}]}}