{"id":207238,"date":"2025-01-29T22:39:41","date_gmt":"2025-01-29T22:39:41","guid":{"rendered":"https:\/\/rnoticias.com.mx\/Portal\/?p=207238"},"modified":"2025-01-29T22:39:41","modified_gmt":"2025-01-29T22:39:41","slug":"se-suma-uthermosillo-a-estrategia-nacional-para-fortalecer-la-formacion-de-profesionistas","status":"publish","type":"post","link":"https:\/\/rnoticias.com.mx\/Portal\/2025\/01\/29\/se-suma-uthermosillo-a-estrategia-nacional-para-fortalecer-la-formacion-de-profesionistas\/","title":{"rendered":"Se suma UTHermosillo a estrategia nacional para fortalecer la formaci\u00f3n de profesionistas"},"content":{"rendered":"<p align=\"justify\">Hermosillo, Sonora; 29 de enero de 2025.- Con el objetivo de unir esfuerzos entre gobierno, empresas y sector educativo, alineando la formaci\u00f3n de los profesionistas con las necesidades productivas del pa\u00eds, la Universidad Tecnol\u00f3gica de Hermosillo (UTH) se sum\u00f3 al Acuerdo Nacional para Fortalecer la Formaci\u00f3n Profesional, el Conocimiento Tecnol\u00f3gico y la Innovaci\u00f3n.<\/p>\n<p align=\"justify\">El rector de la UTH, Abel Leyva Castellanos, detall\u00f3 que la directora de Planeaci\u00f3n y Evaluaci\u00f3n de la instituci\u00f3n, Luz Delia Acedo F\u00e9lix, particip\u00f3 en la firma de dicho acuerdo convocado por la Asociaci\u00f3n Nacional de Universidades e Instituciones de Educaci\u00f3n Superior (Anuies) y el Consejo Coordinador Empresarial (CCE).<\/p>\n<p align=\"justify\">Subray\u00f3 que tambi\u00e9n participan la Secretar\u00eda de Educaci\u00f3n P\u00fablica (SEP) y la Secretar\u00eda de Ciencia, Humanidades, Tecnolog\u00eda e Innovaci\u00f3n (Secihti), con el prop\u00f3sito de ampliar y diversificar los servicios educativos y productivos, as\u00ed como los proyectos prioritarios para impulsar el desarrollo de Sonora y M\u00e9xico.<\/p>\n<p align=\"justify\">Por su parte, Luz Delia Acedo F\u00e9lix resalt\u00f3 el impacto de la firma del acuerdo, ya que fortalecer\u00e1 la educaci\u00f3n superior, alineando la oferta educativa con las demandas del sector empresarial desde cada una de las regiones donde se ubican las instituciones participantes.<\/p>\n<p align=\"justify\">Asimismo, destac\u00f3 que para la UTH es prioridad contribuir a la consolidaci\u00f3n de la excelencia educativa de Sonora, fortaleciendo los procesos que involucran a la comunidad universitaria, como lo es el modelo de triple h\u00e9lice en el que se basa el Acuerdo.<\/p>\n","protected":false},"excerpt":{"rendered":"<p>Hermosillo, Sonora; 29 de enero de 2025.- Con el objetivo de unir esfuerzos entre gobierno, empresas y sector educativo, alineando la formaci\u00f3n de los profesionistas con las necesidades productivas del pa\u00eds, la Universidad Tecnol\u00f3gica de Hermosillo (UTH) se sum\u00f3 al Acuerdo Nacional para Fortalecer la Formaci\u00f3n Profesional, el Conocimiento Tecnol\u00f3gico y la Innovaci\u00f3n. El rector [&hellip;]<\/p>\n","protected":false},"author":2,"featured_media":207239,"comment_status":"closed","ping_status":"closed","sticky":false,"template":"","format":"standard","meta":{"footnotes":""},"categories":[12870,178],"tags":[12865,12869],"class_list":["post-207238","post","type-post","status-publish","format-standard","has-post-thumbnail","hentry","category-destacadas","category-local","tag-destacadas","tag-local"],"jetpack_featured_media_url":"https:\/\/rnoticias.com.mx\/Portal\/wp-content\/uploads\/2025\/01\/unnamed-4-9.jpg","amp_enabled":true,"_links":{"self":[{"href":"https:\/\/rnoticias.com.mx\/Portal\/wp-json\/wp\/v2\/posts\/207238","targetHints":{"allow":["GET"]}}],"collection":[{"href":"https:\/\/rnoticias.com.mx\/Portal\/wp-json\/wp\/v2\/posts"}],"about":[{"href":"https:\/\/rnoticias.com.mx\/Portal\/wp-json\/wp\/v2\/types\/post"}],"author":[{"embeddable":true,"href":"https:\/\/rnoticias.com.mx\/Portal\/wp-json\/wp\/v2\/users\/2"}],"replies":[{"embeddable":true,"href":"https:\/\/rnoticias.com.mx\/Portal\/wp-json\/wp\/v2\/comments?post=207238"}],"version-history":[{"count":1,"href":"https:\/\/rnoticias.com.mx\/Portal\/wp-json\/wp\/v2\/posts\/207238\/revisions"}],"predecessor-version":[{"id":207240,"href":"https:\/\/rnoticias.com.mx\/Portal\/wp-json\/wp\/v2\/posts\/207238\/revisions\/207240"}],"wp:featuredmedia":[{"embeddable":true,"href":"https:\/\/rnoticias.com.mx\/Portal\/wp-json\/wp\/v2\/media\/207239"}],"wp:attachment":[{"href":"https:\/\/rnoticias.com.mx\/Portal\/wp-json\/wp\/v2\/media?parent=207238"}],"wp:term":[{"taxonomy":"category","embeddable":true,"href":"https:\/\/rnoticias.com.mx\/Portal\/wp-json\/wp\/v2\/categories?post=207238"},{"taxonomy":"post_tag","embeddable":true,"href":"https:\/\/rnoticias.com.mx\/Portal\/wp-json\/wp\/v2\/tags?post=207238"}],"curies":[{"name":"wp","href":"https:\/\/api.w.org\/{rel}","templated":true}]}}