{"id":207232,"date":"2025-01-29T22:36:48","date_gmt":"2025-01-29T22:36:48","guid":{"rendered":"https:\/\/rnoticias.com.mx\/Portal\/?p=207232"},"modified":"2025-01-29T22:36:48","modified_gmt":"2025-01-29T22:36:48","slug":"mantendran-albergues-temporales-habilitados-ante-bajas-temperaturas-en-hermosillo","status":"publish","type":"post","link":"https:\/\/rnoticias.com.mx\/Portal\/2025\/01\/29\/mantendran-albergues-temporales-habilitados-ante-bajas-temperaturas-en-hermosillo\/","title":{"rendered":"Mantendr\u00e1n albergues temporales habilitados ante bajas temperaturas en Hermosillo"},"content":{"rendered":"<p><b data-olk-copy-source=\"MessageBody\">Hermosillo, Sonora; enero 29, 2025.-<\/b>\u00a0Ante los pron\u00f3sticos de que las temperaturas m\u00ednimas contin\u00faen bajas en Hermosillo durante el jueves y viernes de esta semana, el Gobierno Municipal mantendr\u00e1 disponible para quienes lo necesiten los albergues temporales, inform\u00f3 Fernando Morales Flores, coordinador Municipal de Protecci\u00f3n Civil.<\/p>\n<p aria-hidden=\"true\">\n<p>\u201cHay que cuidarse todav\u00eda el d\u00eda jueves y el viernes, el s\u00e1bado y domingo se van a recuperar las temperaturas, vamos a tener amaneceres de 10 grados ya despu\u00e9s, pero lo que es jueves y viernes hay que cuidarse del fr\u00edo, abrigarse y cuidar a nuestros ni\u00f1os\u201d, destac\u00f3 el funcionario municipal.<\/p>\n<p aria-hidden=\"true\">\n<p>Explic\u00f3 que de acuerdo con los pron\u00f3sticos el jueves 30 amanecer\u00e1 con 4 grados cent\u00edgrados, y una sensaci\u00f3n t\u00e9rmica de 2 grados, mientras que el viernes 31 aunque el term\u00f3metro marcar\u00e1 7 grados la sensaci\u00f3n t\u00e9rmica ser\u00e1 de entre 3 y 4 grados.<\/p>\n<p aria-hidden=\"true\">\n<p>Revel\u00f3 que ante el clima fr\u00edo el Gobierno Municipal prioriza la asistencia humanitaria a poblaci\u00f3n vulnerable poniendo a su disposici\u00f3n 3 albergues temporales, los cuales durante la noche del martes y ma\u00f1ana del mi\u00e9rcoles fueron aprovechados por 40 personas adultas.<\/p>\n<p aria-hidden=\"true\">\n<p>De esos usuarios 26 estuvieron en el Centro H\u00e1bitat de Miguel Alem\u00e1n, 10 en el de la colonia Caf\u00e9 Combate y 4 en el H\u00e1bitat Solidaridad 1.<\/p>\n<p aria-hidden=\"true\">\n<p>Morales Flores sugiri\u00f3 a quienes carecen de un hogar y suelen coincidir en espacios p\u00fablicos de la ciudad que acepten la invitaci\u00f3n de pasar la noche en los albergues, los cuales ofrecen servicio de las 19:00 de la noche a las 7:00 horas del d\u00eda siguiente, cuando el fr\u00edo es m\u00e1s intenso.<\/p>\n<p aria-hidden=\"true\">\n<p>La recomendaci\u00f3n del Comit\u00e9 Operativo de Emergencias de Hermosillo es no exponerse a cambios bruscos de temperatura y evitar el riesgo de intoxicaciones por mon\u00f3xido de carbono por el uso de chimeneas, braceros y calentones en espacios sin la ventilaci\u00f3n adecuada, finaliz\u00f3.<\/p>\n<p aria-hidden=\"true\">\n","protected":false},"excerpt":{"rendered":"<p>Hermosillo, Sonora; enero 29, 2025.-\u00a0Ante los pron\u00f3sticos de que las temperaturas m\u00ednimas contin\u00faen bajas en Hermosillo durante el jueves y viernes de esta semana, el Gobierno Municipal mantendr\u00e1 disponible para quienes lo necesiten los albergues temporales, inform\u00f3 Fernando Morales Flores, coordinador Municipal de Protecci\u00f3n Civil. \u201cHay que cuidarse todav\u00eda el d\u00eda jueves y el viernes, [&hellip;]<\/p>\n","protected":false},"author":2,"featured_media":207233,"comment_status":"closed","ping_status":"closed","sticky":false,"template":"","format":"standard","meta":{"footnotes":""},"categories":[12870,178],"tags":[12865,12869],"class_list":["post-207232","post","type-post","status-publish","format-standard","has-post-thumbnail","hentry","category-destacadas","category-local","tag-destacadas","tag-local"],"jetpack_featured_media_url":"https:\/\/rnoticias.com.mx\/Portal\/wp-content\/uploads\/2025\/01\/albergue.jpeg","amp_enabled":true,"_links":{"self":[{"href":"https:\/\/rnoticias.com.mx\/Portal\/wp-json\/wp\/v2\/posts\/207232","targetHints":{"allow":["GET"]}}],"collection":[{"href":"https:\/\/rnoticias.com.mx\/Portal\/wp-json\/wp\/v2\/posts"}],"about":[{"href":"https:\/\/rnoticias.com.mx\/Portal\/wp-json\/wp\/v2\/types\/post"}],"author":[{"embeddable":true,"href":"https:\/\/rnoticias.com.mx\/Portal\/wp-json\/wp\/v2\/users\/2"}],"replies":[{"embeddable":true,"href":"https:\/\/rnoticias.com.mx\/Portal\/wp-json\/wp\/v2\/comments?post=207232"}],"version-history":[{"count":1,"href":"https:\/\/rnoticias.com.mx\/Portal\/wp-json\/wp\/v2\/posts\/207232\/revisions"}],"predecessor-version":[{"id":207234,"href":"https:\/\/rnoticias.com.mx\/Portal\/wp-json\/wp\/v2\/posts\/207232\/revisions\/207234"}],"wp:featuredmedia":[{"embeddable":true,"href":"https:\/\/rnoticias.com.mx\/Portal\/wp-json\/wp\/v2\/media\/207233"}],"wp:attachment":[{"href":"https:\/\/rnoticias.com.mx\/Portal\/wp-json\/wp\/v2\/media?parent=207232"}],"wp:term":[{"taxonomy":"category","embeddable":true,"href":"https:\/\/rnoticias.com.mx\/Portal\/wp-json\/wp\/v2\/categories?post=207232"},{"taxonomy":"post_tag","embeddable":true,"href":"https:\/\/rnoticias.com.mx\/Portal\/wp-json\/wp\/v2\/tags?post=207232"}],"curies":[{"name":"wp","href":"https:\/\/api.w.org\/{rel}","templated":true}]}}