{"id":207229,"date":"2025-01-29T22:32:11","date_gmt":"2025-01-29T22:32:11","guid":{"rendered":"https:\/\/rnoticias.com.mx\/Portal\/?p=207229"},"modified":"2025-01-29T22:32:11","modified_gmt":"2025-01-29T22:32:11","slug":"promueve-cobach-sonora-talento-artistico-del-alumnado-con-cultura-joven","status":"publish","type":"post","link":"https:\/\/rnoticias.com.mx\/Portal\/2025\/01\/29\/promueve-cobach-sonora-talento-artistico-del-alumnado-con-cultura-joven\/","title":{"rendered":"Promueve Cobach Sonora talento art\u00edstico del alumnado con Cultura Joven"},"content":{"rendered":"<p align=\"justify\">Hermosillo, Sonora; 29 de enero de 2025.- Para impulsar las manifestaciones art\u00edsticas entre los estudiantes y profesores pertenecientes a los grupos representativos de cada plantel, el Colegio de Bachilleres del Estado de Sonora (Cobach) lleva a cabo la muestra anual Cultura Joven, inform\u00f3 Rodrigo Arturo Rosas Burgos.<\/p>\n<p align=\"justify\">El director general de la instituci\u00f3n indic\u00f3 que, en su tercera edici\u00f3n, alrededor de 80 alumnas y alumnos presentan su talento en las disciplinas de teatro, danza y m\u00fasica, a trav\u00e9s de videos que fueron grabados en el Colegio y que la comunidad en general puede disfrutar por medio de la plataforma YouTube.<\/p>\n<p align=\"justify\">La muestra anual Cultura Joven se realiza por tercer a\u00f1o consecutivo a trav\u00e9s de la Direcci\u00f3n de Vinculaci\u00f3n y el Departamento de Arte y Cultura del subsistema, mencion\u00f3 el directivo de esta instituci\u00f3n educativa.<\/p>\n<p align=\"justify\">Lo mejor de las expresiones art\u00edsticas de los grupos representativos de Cobach se comparte en las videograbaciones realizadas, desde los auditorios y escenarios de los mismos planteles, especialmente para los usuarios en general.<\/p>\n<p align=\"justify\">En la programaci\u00f3n art\u00edstica uno disfruta de la m\u00fasica del grupo representativo \u201cLos Rondalleros\u201d del plantel Lic. Alberto Flores Urbina, con los temas de \u201cLa Yaquesita\u201d\u00a0<a href=\"https:\/\/youtu.be\/UlXiwx1_hFU\" target=\"_blank\" rel=\"noopener\" data-saferedirecturl=\"https:\/\/www.google.com\/url?q=https:\/\/youtu.be\/UlXiwx1_hFU&amp;source=gmail&amp;ust=1738267116296000&amp;usg=AOvVaw0Tw2gqi6Qou586JQjnStEc\">https:\/\/youtu.be\/UlXiwx1_hFU<\/a>, \u201cLa Bruja\u201d\u00a0<a href=\"https:\/\/youtu.be\/CvzQ4ce37Oo\" target=\"_blank\" rel=\"noopener\" data-saferedirecturl=\"https:\/\/www.google.com\/url?q=https:\/\/youtu.be\/CvzQ4ce37Oo&amp;source=gmail&amp;ust=1738267116296000&amp;usg=AOvVaw2JctLO_i3aFK2HimHKjfi-\">https:\/\/youtu.be\/CvzQ4ce37Oo<\/a>\u00a0y \u201cLa Llorona\u201d\u00a0<a href=\"https:\/\/youtu.be\/P1KXay2u3zc\" target=\"_blank\" rel=\"noopener\" data-saferedirecturl=\"https:\/\/www.google.com\/url?q=https:\/\/youtu.be\/P1KXay2u3zc&amp;source=gmail&amp;ust=1738267116296000&amp;usg=AOvVaw2zCxeSPESgY14OVWRGf0bI\">https:\/\/youtu.be\/P1KXay2u3zc<\/a>; el Club de teatro del plantel obreg\u00f3n 3, con la obra \u201cLos olvidados en los tiempos\u201d\u00a0<a href=\"https:\/\/youtu.be\/GjExksCYoco\" target=\"_blank\" rel=\"noopener\" data-saferedirecturl=\"https:\/\/www.google.com\/url?q=https:\/\/youtu.be\/GjExksCYoco&amp;source=gmail&amp;ust=1738267116296000&amp;usg=AOvVaw1Y1Rh2c0vY7QH15_OjtU3s\">https:\/\/youtu.be\/GjExksCYoco<\/a>.<\/p>\n<p align=\"justify\">Est\u00e1n tambi\u00e9n, entre otros, los grupos de Danza C\u00f6iljam, del plantel de Bah\u00eda de Kino, con \u201cEvangelina\u201d\u00a0<a href=\"https:\/\/youtu.be\/zVswJkyIueQ\" target=\"_blank\" rel=\"noopener\" data-saferedirecturl=\"https:\/\/www.google.com\/url?q=https:\/\/youtu.be\/zVswJkyIueQ&amp;source=gmail&amp;ust=1738267116296000&amp;usg=AOvVaw3p-_0_rW3T5Y0VNOJSHN4Z\">https:\/\/youtu.be\/zVswJkyIueQ<\/a>, \u201cEl circo\u201d\u00a0<a href=\"https:\/\/youtu.be\/MoECtEFCRCQ\" target=\"_blank\" rel=\"noopener\" data-saferedirecturl=\"https:\/\/www.google.com\/url?q=https:\/\/youtu.be\/MoECtEFCRCQ&amp;source=gmail&amp;ust=1738267116296000&amp;usg=AOvVaw2AsADmwziwuZ7Z_-BeiC_w\">https:\/\/youtu.be\/MoECtEFCRCQ<\/a>\u00a0y \u201cLos jacalitos\u201d\u00a0<a href=\"https:\/\/youtu.be\/eaZRb-vf6EI\" target=\"_blank\" rel=\"noopener\" data-saferedirecturl=\"https:\/\/www.google.com\/url?q=https:\/\/youtu.be\/eaZRb-vf6EI&amp;source=gmail&amp;ust=1738267116296000&amp;usg=AOvVaw2ywh3EOOi8VhyGUDgUrGow\">https:\/\/youtu.be\/eaZRb-vf6EI<\/a>\u00a0y de danza moderna del plantel San Ignacio R\u00edo Muerto con Danza del Venado con Pascola\u00a0<a href=\"https:\/\/youtu.be\/KgRqwG5w0Aw\" target=\"_blank\" rel=\"noopener\" data-saferedirecturl=\"https:\/\/www.google.com\/url?q=https:\/\/youtu.be\/KgRqwG5w0Aw&amp;source=gmail&amp;ust=1738267116296000&amp;usg=AOvVaw0JzLdJhydmkPeGjeNyjgBQ\">https:\/\/youtu.be\/KgRqwG5w0Aw<\/a>.<\/p>\n","protected":false},"excerpt":{"rendered":"<p>Hermosillo, Sonora; 29 de enero de 2025.- Para impulsar las manifestaciones art\u00edsticas entre los estudiantes y profesores pertenecientes a los grupos representativos de cada plantel, el Colegio de Bachilleres del Estado de Sonora (Cobach) lleva a cabo la muestra anual Cultura Joven, inform\u00f3 Rodrigo Arturo Rosas Burgos. El director general de la instituci\u00f3n indic\u00f3 que, [&hellip;]<\/p>\n","protected":false},"author":2,"featured_media":207230,"comment_status":"closed","ping_status":"closed","sticky":false,"template":"","format":"standard","meta":{"footnotes":""},"categories":[12870,178],"tags":[12865,12869],"class_list":["post-207229","post","type-post","status-publish","format-standard","has-post-thumbnail","hentry","category-destacadas","category-local","tag-destacadas","tag-local"],"jetpack_featured_media_url":"https:\/\/rnoticias.com.mx\/Portal\/wp-content\/uploads\/2025\/01\/unnamed-3-10.jpg","amp_enabled":true,"_links":{"self":[{"href":"https:\/\/rnoticias.com.mx\/Portal\/wp-json\/wp\/v2\/posts\/207229","targetHints":{"allow":["GET"]}}],"collection":[{"href":"https:\/\/rnoticias.com.mx\/Portal\/wp-json\/wp\/v2\/posts"}],"about":[{"href":"https:\/\/rnoticias.com.mx\/Portal\/wp-json\/wp\/v2\/types\/post"}],"author":[{"embeddable":true,"href":"https:\/\/rnoticias.com.mx\/Portal\/wp-json\/wp\/v2\/users\/2"}],"replies":[{"embeddable":true,"href":"https:\/\/rnoticias.com.mx\/Portal\/wp-json\/wp\/v2\/comments?post=207229"}],"version-history":[{"count":1,"href":"https:\/\/rnoticias.com.mx\/Portal\/wp-json\/wp\/v2\/posts\/207229\/revisions"}],"predecessor-version":[{"id":207231,"href":"https:\/\/rnoticias.com.mx\/Portal\/wp-json\/wp\/v2\/posts\/207229\/revisions\/207231"}],"wp:featuredmedia":[{"embeddable":true,"href":"https:\/\/rnoticias.com.mx\/Portal\/wp-json\/wp\/v2\/media\/207230"}],"wp:attachment":[{"href":"https:\/\/rnoticias.com.mx\/Portal\/wp-json\/wp\/v2\/media?parent=207229"}],"wp:term":[{"taxonomy":"category","embeddable":true,"href":"https:\/\/rnoticias.com.mx\/Portal\/wp-json\/wp\/v2\/categories?post=207229"},{"taxonomy":"post_tag","embeddable":true,"href":"https:\/\/rnoticias.com.mx\/Portal\/wp-json\/wp\/v2\/tags?post=207229"}],"curies":[{"name":"wp","href":"https:\/\/api.w.org\/{rel}","templated":true}]}}