{"id":207223,"date":"2025-01-29T22:27:54","date_gmt":"2025-01-29T22:27:54","guid":{"rendered":"https:\/\/rnoticias.com.mx\/Portal\/?p=207223"},"modified":"2025-01-29T22:27:54","modified_gmt":"2025-01-29T22:27:54","slug":"planea-el-snte-54-construir-sede-en-zona-de-guaymas-empalme","status":"publish","type":"post","link":"https:\/\/rnoticias.com.mx\/Portal\/2025\/01\/29\/planea-el-snte-54-construir-sede-en-zona-de-guaymas-empalme\/","title":{"rendered":"Planea el SNTE 54 construir sede en zona de Guaymas-Empalme"},"content":{"rendered":"<p>Analiza y negocia, la secci\u00f3n 54 del Sindicato Nacional de Trabajadores de la Educaci\u00f3n (SNTE), la construcci\u00f3n de nuevas oficinas sindicales en el municipio de Guaymas y atender tambi\u00e9n a su gremio de Empalme.<\/p>\n<p>&nbsp;<\/p>\n<p>Javier Ceballos Corral, secretario general de la secci\u00f3n 54 del SNTE en Sonora, dio a conocer que con el objetivo de atender al magisterio de la zona Guaymas y Empalme, ya se tienen negociaciones con el ayuntamiento que dirige la doctora Karla C\u00f3rdova, para ampliar sus oficinas hacia esos municipios del sur de la entidad.<\/p>\n<p>&nbsp;<\/p>\n<p>&nbsp;<\/p>\n<p>\u201cLos municipios de Guaymas y Empalme no contaban con una regi\u00f3n de atenci\u00f3n, por lo que, en el 2022, dicho punto qued\u00f3 oficialmente registrada como zona de atenci\u00f3n, donde son m\u00e1s de 700 agremiados al sindicato entre activos y jubilados\u201d, explic\u00f3.<\/p>\n<p>&nbsp;<\/p>\n<p>Especific\u00f3, que las negociaciones con el municipio de Guaymas, es que la actual administraci\u00f3n les pueda donar un terreno o vender a precio accesible con el fin de ah\u00ed construir las oficinas regionales del sindicato y llegar a m\u00e1s docentes de esa zona de Sonora.<\/p>\n<p>&nbsp;<\/p>\n<p>Finalmente, el l\u00edder de la secci\u00f3n 54 del SNTE en Sonora, enfatiz\u00f3 sobre la importancia de acercarle los servicios a personal agremiado a ese sindicato y no tengan que trasladarse hasta Hermosillo a hacer tr\u00e1mites o gestiones.<\/p>\n","protected":false},"excerpt":{"rendered":"<p>Analiza y negocia, la secci\u00f3n 54 del Sindicato Nacional de Trabajadores de la Educaci\u00f3n (SNTE), la construcci\u00f3n de nuevas oficinas sindicales en el municipio de Guaymas y atender tambi\u00e9n a su gremio de Empalme. &nbsp; Javier Ceballos Corral, secretario general de la secci\u00f3n 54 del SNTE en Sonora, dio a conocer que con el objetivo [&hellip;]<\/p>\n","protected":false},"author":2,"featured_media":207224,"comment_status":"closed","ping_status":"closed","sticky":false,"template":"","format":"standard","meta":{"footnotes":""},"categories":[12870,174],"tags":[12865,12873],"class_list":["post-207223","post","type-post","status-publish","format-standard","has-post-thumbnail","hentry","category-destacadas","category-estatal","tag-destacadas","tag-estatal"],"jetpack_featured_media_url":"https:\/\/rnoticias.com.mx\/Portal\/wp-content\/uploads\/2025\/01\/images-1.png","amp_enabled":true,"_links":{"self":[{"href":"https:\/\/rnoticias.com.mx\/Portal\/wp-json\/wp\/v2\/posts\/207223","targetHints":{"allow":["GET"]}}],"collection":[{"href":"https:\/\/rnoticias.com.mx\/Portal\/wp-json\/wp\/v2\/posts"}],"about":[{"href":"https:\/\/rnoticias.com.mx\/Portal\/wp-json\/wp\/v2\/types\/post"}],"author":[{"embeddable":true,"href":"https:\/\/rnoticias.com.mx\/Portal\/wp-json\/wp\/v2\/users\/2"}],"replies":[{"embeddable":true,"href":"https:\/\/rnoticias.com.mx\/Portal\/wp-json\/wp\/v2\/comments?post=207223"}],"version-history":[{"count":1,"href":"https:\/\/rnoticias.com.mx\/Portal\/wp-json\/wp\/v2\/posts\/207223\/revisions"}],"predecessor-version":[{"id":207225,"href":"https:\/\/rnoticias.com.mx\/Portal\/wp-json\/wp\/v2\/posts\/207223\/revisions\/207225"}],"wp:featuredmedia":[{"embeddable":true,"href":"https:\/\/rnoticias.com.mx\/Portal\/wp-json\/wp\/v2\/media\/207224"}],"wp:attachment":[{"href":"https:\/\/rnoticias.com.mx\/Portal\/wp-json\/wp\/v2\/media?parent=207223"}],"wp:term":[{"taxonomy":"category","embeddable":true,"href":"https:\/\/rnoticias.com.mx\/Portal\/wp-json\/wp\/v2\/categories?post=207223"},{"taxonomy":"post_tag","embeddable":true,"href":"https:\/\/rnoticias.com.mx\/Portal\/wp-json\/wp\/v2\/tags?post=207223"}],"curies":[{"name":"wp","href":"https:\/\/api.w.org\/{rel}","templated":true}]}}