{"id":207209,"date":"2025-01-29T19:02:41","date_gmt":"2025-01-29T19:02:41","guid":{"rendered":"https:\/\/rnoticias.com.mx\/Portal\/?p=207209"},"modified":"2025-01-29T19:02:41","modified_gmt":"2025-01-29T19:02:41","slug":"establecen-cecyte-sonora-y-universidad-vizcaya-de-las-americas-alianza-educativa","status":"publish","type":"post","link":"https:\/\/rnoticias.com.mx\/Portal\/2025\/01\/29\/establecen-cecyte-sonora-y-universidad-vizcaya-de-las-americas-alianza-educativa\/","title":{"rendered":"Establecen Cecyte Sonora y Universidad Vizcaya de las Am\u00e9ricas alianza educativa"},"content":{"rendered":"<p align=\"left\">Hermosillo, Sonora; 29 de enero de 2025.- Con un programa de descuentos en colegiaturas y becas, el alumnado y personal docente del Colegio de Estudios Cient\u00edficos y Tecnol\u00f3gicos del Estado de Sonora (Cecyte) podr\u00e1 continuar sus estudios de nivel superior al establecer una alianza educativa con la Universidad Vizcaya de las Am\u00e9ricas, campus Hermosillo.<\/p>\n<p align=\"left\">La directora general de Cecyte Sonora, Blanca Aurelia Valenzuela, firm\u00f3 un convenio de colaboraci\u00f3n con Karla Fabiola L\u00f3pez Ba\u00f1uelos, directora general de la instituci\u00f3n universitaria, con el cual obtendr\u00e1n beneficios desde un 20 a 30 por ciento de beca, adem\u00e1s de un 50 por ciento de descuento en el pago de su primera inscripci\u00f3n en una de las 12 licenciaturas que ofrecen.<\/p>\n<p align=\"left\">Detall\u00f3 que alumnos reci\u00e9n egresados, trabajadores y sus familiares directos del Colegio podr\u00e1n acceder a dichos apoyos como parte del compromiso del subsistema de establecer lazos de cooperaci\u00f3n que promuevan la colaboraci\u00f3n en beneficio de la comunidad escolar.<\/p>\n<p align=\"left\">La funcionaria estatal agradeci\u00f3 a los directivos de la Universidad Vizcaya de las Am\u00e9ricas por abrir su oferta educativa a los estudiantes y personal de Cecyte Sonora, beneficiando a los miles de j\u00f3venes de diferentes planteles de la instituci\u00f3n que quieran continuar sus estudios superiores en Universidad Vizcaya Campus Hermosillo, con un costo m\u00e1s accesible.<\/p>\n","protected":false},"excerpt":{"rendered":"<p>Hermosillo, Sonora; 29 de enero de 2025.- Con un programa de descuentos en colegiaturas y becas, el alumnado y personal docente del Colegio de Estudios Cient\u00edficos y Tecnol\u00f3gicos del Estado de Sonora (Cecyte) podr\u00e1 continuar sus estudios de nivel superior al establecer una alianza educativa con la Universidad Vizcaya de las Am\u00e9ricas, campus Hermosillo. La [&hellip;]<\/p>\n","protected":false},"author":2,"featured_media":207210,"comment_status":"closed","ping_status":"closed","sticky":false,"template":"","format":"standard","meta":{"footnotes":""},"categories":[12870,178],"tags":[12865,12869],"class_list":["post-207209","post","type-post","status-publish","format-standard","has-post-thumbnail","hentry","category-destacadas","category-local","tag-destacadas","tag-local"],"jetpack_featured_media_url":"https:\/\/rnoticias.com.mx\/Portal\/wp-content\/uploads\/2025\/01\/unnamed-42.jpg","amp_enabled":true,"_links":{"self":[{"href":"https:\/\/rnoticias.com.mx\/Portal\/wp-json\/wp\/v2\/posts\/207209","targetHints":{"allow":["GET"]}}],"collection":[{"href":"https:\/\/rnoticias.com.mx\/Portal\/wp-json\/wp\/v2\/posts"}],"about":[{"href":"https:\/\/rnoticias.com.mx\/Portal\/wp-json\/wp\/v2\/types\/post"}],"author":[{"embeddable":true,"href":"https:\/\/rnoticias.com.mx\/Portal\/wp-json\/wp\/v2\/users\/2"}],"replies":[{"embeddable":true,"href":"https:\/\/rnoticias.com.mx\/Portal\/wp-json\/wp\/v2\/comments?post=207209"}],"version-history":[{"count":1,"href":"https:\/\/rnoticias.com.mx\/Portal\/wp-json\/wp\/v2\/posts\/207209\/revisions"}],"predecessor-version":[{"id":207211,"href":"https:\/\/rnoticias.com.mx\/Portal\/wp-json\/wp\/v2\/posts\/207209\/revisions\/207211"}],"wp:featuredmedia":[{"embeddable":true,"href":"https:\/\/rnoticias.com.mx\/Portal\/wp-json\/wp\/v2\/media\/207210"}],"wp:attachment":[{"href":"https:\/\/rnoticias.com.mx\/Portal\/wp-json\/wp\/v2\/media?parent=207209"}],"wp:term":[{"taxonomy":"category","embeddable":true,"href":"https:\/\/rnoticias.com.mx\/Portal\/wp-json\/wp\/v2\/categories?post=207209"},{"taxonomy":"post_tag","embeddable":true,"href":"https:\/\/rnoticias.com.mx\/Portal\/wp-json\/wp\/v2\/tags?post=207209"}],"curies":[{"name":"wp","href":"https:\/\/api.w.org\/{rel}","templated":true}]}}