{"id":207206,"date":"2025-01-29T18:12:02","date_gmt":"2025-01-29T18:12:02","guid":{"rendered":"https:\/\/rnoticias.com.mx\/Portal\/?p=207206"},"modified":"2025-01-29T18:12:02","modified_gmt":"2025-01-29T18:12:02","slug":"emite-postura-imtes-por-caso-de-menor-atropellado-por-unidad-de-transporte-publico","status":"publish","type":"post","link":"https:\/\/rnoticias.com.mx\/Portal\/2025\/01\/29\/emite-postura-imtes-por-caso-de-menor-atropellado-por-unidad-de-transporte-publico\/","title":{"rendered":"Emite postura IMTES por caso de menor atropellado por unidad de transporte p\u00fablico"},"content":{"rendered":"<p>Sobre el accidente en donde un menor de edad fue atropellado por un cami\u00f3n del transporte p\u00fablico urbano en el Centro de Hermosillo, Imtes informa que se est\u00e1 en comunicaci\u00f3n con las autoridades de Salud para conocimiento de la evoluci\u00f3n del menor.<\/p>\n<p>La unidad participante en el siniestro es la n\u00famero 1301 de la empresa Movilidad Integral de Hermosillo, misma que cuenta con seguro vigente, al igual que la licencia del operador.<\/p>\n<p>El conductor del cami\u00f3n se encuentra detenido y siguiendo el debido proceso, ya que las lesiones del menor tardan m\u00e1s de 15 d\u00edas en sanar. Hasta el momento se est\u00e1 en espera del Informe Policiaco Homologado (IPH) para el deslinde de responsabilidades.<\/p>\n<p>El Imtes trabaja diariamente en la inspecci\u00f3n y verificaci\u00f3n del cumplimiento de la Ley de Transporte y en este caso est\u00e1 a la disposici\u00f3n de la Fiscal\u00eda General de Justicia del Estado, quien es la autoridad a la que le compete la investigaci\u00f3n de los hechos.<\/p>\n","protected":false},"excerpt":{"rendered":"<p>Sobre el accidente en donde un menor de edad fue atropellado por un cami\u00f3n del transporte p\u00fablico urbano en el Centro de Hermosillo, Imtes informa que se est\u00e1 en comunicaci\u00f3n con las autoridades de Salud para conocimiento de la evoluci\u00f3n del menor. La unidad participante en el siniestro es la n\u00famero 1301 de la empresa [&hellip;]<\/p>\n","protected":false},"author":2,"featured_media":207207,"comment_status":"closed","ping_status":"closed","sticky":false,"template":"","format":"standard","meta":{"footnotes":""},"categories":[12870,178],"tags":[12865,12869],"class_list":["post-207206","post","type-post","status-publish","format-standard","has-post-thumbnail","hentry","category-destacadas","category-local","tag-destacadas","tag-local"],"jetpack_featured_media_url":"https:\/\/rnoticias.com.mx\/Portal\/wp-content\/uploads\/2025\/01\/images.png","amp_enabled":true,"_links":{"self":[{"href":"https:\/\/rnoticias.com.mx\/Portal\/wp-json\/wp\/v2\/posts\/207206","targetHints":{"allow":["GET"]}}],"collection":[{"href":"https:\/\/rnoticias.com.mx\/Portal\/wp-json\/wp\/v2\/posts"}],"about":[{"href":"https:\/\/rnoticias.com.mx\/Portal\/wp-json\/wp\/v2\/types\/post"}],"author":[{"embeddable":true,"href":"https:\/\/rnoticias.com.mx\/Portal\/wp-json\/wp\/v2\/users\/2"}],"replies":[{"embeddable":true,"href":"https:\/\/rnoticias.com.mx\/Portal\/wp-json\/wp\/v2\/comments?post=207206"}],"version-history":[{"count":1,"href":"https:\/\/rnoticias.com.mx\/Portal\/wp-json\/wp\/v2\/posts\/207206\/revisions"}],"predecessor-version":[{"id":207208,"href":"https:\/\/rnoticias.com.mx\/Portal\/wp-json\/wp\/v2\/posts\/207206\/revisions\/207208"}],"wp:featuredmedia":[{"embeddable":true,"href":"https:\/\/rnoticias.com.mx\/Portal\/wp-json\/wp\/v2\/media\/207207"}],"wp:attachment":[{"href":"https:\/\/rnoticias.com.mx\/Portal\/wp-json\/wp\/v2\/media?parent=207206"}],"wp:term":[{"taxonomy":"category","embeddable":true,"href":"https:\/\/rnoticias.com.mx\/Portal\/wp-json\/wp\/v2\/categories?post=207206"},{"taxonomy":"post_tag","embeddable":true,"href":"https:\/\/rnoticias.com.mx\/Portal\/wp-json\/wp\/v2\/tags?post=207206"}],"curies":[{"name":"wp","href":"https:\/\/api.w.org\/{rel}","templated":true}]}}