{"id":207203,"date":"2025-01-29T17:57:48","date_gmt":"2025-01-29T17:57:48","guid":{"rendered":"https:\/\/rnoticias.com.mx\/Portal\/?p=207203"},"modified":"2025-01-29T17:57:48","modified_gmt":"2025-01-29T17:57:48","slug":"operativo-conjunto-en-sonoyta-asegura-vehiculo-con-reporte-de-robo-y-cargadores-para-arma-larga","status":"publish","type":"post","link":"https:\/\/rnoticias.com.mx\/Portal\/2025\/01\/29\/operativo-conjunto-en-sonoyta-asegura-vehiculo-con-reporte-de-robo-y-cargadores-para-arma-larga\/","title":{"rendered":"Operativo conjunto en Sonoyta asegura veh\u00edculo con reporte de robo y cargadores para arma larga"},"content":{"rendered":"<p>Plutarco El\u00edas Calles, Sonora, 28 de enero de 2025.- Como parte de un operativo conjunto entre elementos de la Agencia Ministerial de Investigaci\u00f3n Criminal (AMIC) y la Secretar\u00eda de la Defensa Nacional (DEFENSA), se asegur\u00f3 un veh\u00edculo con reporte de robo y cargadores con cartuchos para arma larga en la avenida Tohono de la colonia Sonoidag.<\/p>\n<p>Durante recorridos de reconocimiento y prevenci\u00f3n, se localiz\u00f3 un veh\u00edculo BMW 530e, modelo 2018, de color blanco, en estado de abandono; al verificar el n\u00famero de serie en las bases de datos, se confirm\u00f3 que contaba con reporte de robo en los Estados Unidos de Am\u00e9rica.<\/p>\n<p>En el interior del veh\u00edculo se encontraron tres cargadores para arma larga y 85 cartuchos calibre 7.62&#215;39, mismos que fueron asegurados junto con el autom\u00f3vil.<\/p>\n<p>El veh\u00edculo y los indicios quedaron a disposici\u00f3n del Agente del Ministerio P\u00fablico Federal con sede en Sonoyta, para la integraci\u00f3n de la carpeta de investigaci\u00f3n correspondiente y las diligencias legales pertinentes.<\/p>\n<p>La Fiscal\u00eda General de Justicia del Estado de Sonora (FGJES) mantiene constantemente las acciones de vigilancia en coordinaci\u00f3n con las fuerzas de la Federaci\u00f3n en el norte de la entidad, reafirmando su compromiso con la seguridad y el combate al crimen organizado.<\/p>\n","protected":false},"excerpt":{"rendered":"<p>Plutarco El\u00edas Calles, Sonora, 28 de enero de 2025.- Como parte de un operativo conjunto entre elementos de la Agencia Ministerial de Investigaci\u00f3n Criminal (AMIC) y la Secretar\u00eda de la Defensa Nacional (DEFENSA), se asegur\u00f3 un veh\u00edculo con reporte de robo y cargadores con cartuchos para arma larga en la avenida Tohono de la colonia [&hellip;]<\/p>\n","protected":false},"author":2,"featured_media":207204,"comment_status":"closed","ping_status":"closed","sticky":false,"template":"","format":"standard","meta":{"footnotes":""},"categories":[12870,174],"tags":[12865,12873],"class_list":["post-207203","post","type-post","status-publish","format-standard","has-post-thumbnail","hentry","category-destacadas","category-estatal","tag-destacadas","tag-estatal"],"jetpack_featured_media_url":"https:\/\/rnoticias.com.mx\/Portal\/wp-content\/uploads\/2025\/01\/febf9fc2-49ba-47db-8837-e5f1f1dc90aa.jpg","amp_enabled":true,"_links":{"self":[{"href":"https:\/\/rnoticias.com.mx\/Portal\/wp-json\/wp\/v2\/posts\/207203","targetHints":{"allow":["GET"]}}],"collection":[{"href":"https:\/\/rnoticias.com.mx\/Portal\/wp-json\/wp\/v2\/posts"}],"about":[{"href":"https:\/\/rnoticias.com.mx\/Portal\/wp-json\/wp\/v2\/types\/post"}],"author":[{"embeddable":true,"href":"https:\/\/rnoticias.com.mx\/Portal\/wp-json\/wp\/v2\/users\/2"}],"replies":[{"embeddable":true,"href":"https:\/\/rnoticias.com.mx\/Portal\/wp-json\/wp\/v2\/comments?post=207203"}],"version-history":[{"count":1,"href":"https:\/\/rnoticias.com.mx\/Portal\/wp-json\/wp\/v2\/posts\/207203\/revisions"}],"predecessor-version":[{"id":207205,"href":"https:\/\/rnoticias.com.mx\/Portal\/wp-json\/wp\/v2\/posts\/207203\/revisions\/207205"}],"wp:featuredmedia":[{"embeddable":true,"href":"https:\/\/rnoticias.com.mx\/Portal\/wp-json\/wp\/v2\/media\/207204"}],"wp:attachment":[{"href":"https:\/\/rnoticias.com.mx\/Portal\/wp-json\/wp\/v2\/media?parent=207203"}],"wp:term":[{"taxonomy":"category","embeddable":true,"href":"https:\/\/rnoticias.com.mx\/Portal\/wp-json\/wp\/v2\/categories?post=207203"},{"taxonomy":"post_tag","embeddable":true,"href":"https:\/\/rnoticias.com.mx\/Portal\/wp-json\/wp\/v2\/tags?post=207203"}],"curies":[{"name":"wp","href":"https:\/\/api.w.org\/{rel}","templated":true}]}}