{"id":207194,"date":"2025-01-29T15:43:13","date_gmt":"2025-01-29T15:43:13","guid":{"rendered":"https:\/\/rnoticias.com.mx\/Portal\/?p=207194"},"modified":"2025-01-29T15:43:13","modified_gmt":"2025-01-29T15:43:13","slug":"lady-gaga-luchara-por-la-comunidad-lgbtq-ante-trump","status":"publish","type":"post","link":"https:\/\/rnoticias.com.mx\/Portal\/2025\/01\/29\/lady-gaga-luchara-por-la-comunidad-lgbtq-ante-trump\/","title":{"rendered":"Lady Gaga &#8216;luchar\u00e1&#8217; por la comunidad LGBTQ+ ante Trump"},"content":{"rendered":"<p><b><em>Cd. de M\u00e9xico.-\u00a0<\/em><\/b>Lady Gaga, conocida por su incansable apoyo a la comunidad LGBTQ+, reafirm\u00f3 su compromiso con el movimiento en medio de un panorama incierto tras la toma de posesi\u00f3n del presidente Donald Trump.<\/p>\n<p>En una entrevista con Elle, la cantante reconoci\u00f3 que las elecciones presidenciales de 2024 fueron &#8220;devastadoras&#8221; para muchos miembros de la comunidad, pero asegur\u00f3 que no se rendir\u00e1 en su lucha.<\/p>\n<p>&#8220;Lo m\u00e1s importante es que siento mucha compasi\u00f3n y amor por tanta gente que hoy tiene miedo. S\u00e9 que para muchos estas elecciones fueron devastadoras para su existencia, por lo que la comunidad ser\u00e1 lo m\u00e1s importante&#8221;, expres\u00f3 Gaga.<\/p>\n<p>La int\u00e9rprete de &#8220;Bad Romance&#8221; asegur\u00f3 que su objetivo es brindar apoyo a la comunidad LGBTQ+ de maneras peque\u00f1as pero significativas, como acercarse a las personas que se sienten amenazadas y estar disponible para ellas.<\/p>\n<p>&#8220;No nos rendiremos sin luchar. Nos mantendremos unidos. Va a ser dif\u00edcil, pero estoy lista para ello. Estamos listos para ello. Y solo quiero que todos sepan lo profundamente que son amados y que no son invisibles&#8221;, asever\u00f3.<\/p>\n<p>Stefani Joanne Angelina Germanotta, nombre real de Lady Gaga, destac\u00f3 la relevancia de las acciones de base, enfatizando que su contribuci\u00f3n, por peque\u00f1a que sea, tiene un impacto importante.<\/p>\n<p>&#8220;Estoy devastada, pero \u00bfqu\u00e9 significa para m\u00ed en comparaci\u00f3n con otra persona?&#8221;, reflexion\u00f3, dejando claro que, aunque su plan puede implicar esfuerzos discretos, tambi\u00e9n alzar\u00e1 su voz cuando sea necesario.<\/p>\n<p>A lo largo de su carrera, Gaga, de 38 a\u00f1os, ha sido una firme defensora de los derechos de la comunidad LGBTQ+ y de otros grupos marginados. Esto qued\u00f3 nuevamente claro cuando se present\u00f3 ante Kamala Harris en su \u00faltimo mitin de campa\u00f1a en noviembre, interpretando &#8220;God Bless America&#8221; y &#8220;Edge of Glory&#8221;.<\/p>\n<p>Para quienes se sienten afectados por la nueva administraci\u00f3n, Gaga invit\u00f3 a encontrar consuelo en su pr\u00f3ximo \u00e1lbum, Mayhem, que ser\u00e1 lanzado en marzo.<\/p>\n<p>&#8220;Lo que estoy atravesando es muy diferente a lo que le sucede a muchas otras personas&#8221;, dijo, destacando la importancia de estar conectados y apoyarnos mutuamente, especialmente en tiempos de incertidumbre pol\u00edtica.<\/p>\n","protected":false},"excerpt":{"rendered":"<p>Cd. de M\u00e9xico.-\u00a0Lady Gaga, conocida por su incansable apoyo a la comunidad LGBTQ+, reafirm\u00f3 su compromiso con el movimiento en medio de un panorama incierto tras la toma de posesi\u00f3n del presidente Donald Trump. En una entrevista con Elle, la cantante reconoci\u00f3 que las elecciones presidenciales de 2024 fueron &#8220;devastadoras&#8221; para muchos miembros de la [&hellip;]<\/p>\n","protected":false},"author":2,"featured_media":207195,"comment_status":"closed","ping_status":"closed","sticky":false,"template":"","format":"standard","meta":{"footnotes":""},"categories":[12870,219],"tags":[12865,12875],"class_list":["post-207194","post","type-post","status-publish","format-standard","has-post-thumbnail","hentry","category-destacadas","category-espectaculos","tag-destacadas","tag-espectaculos"],"jetpack_featured_media_url":"https:\/\/rnoticias.com.mx\/Portal\/wp-content\/uploads\/2025\/01\/lady-gaga-defendera-comunidad-lgbt-de-trump-scaled.webp","amp_enabled":true,"_links":{"self":[{"href":"https:\/\/rnoticias.com.mx\/Portal\/wp-json\/wp\/v2\/posts\/207194","targetHints":{"allow":["GET"]}}],"collection":[{"href":"https:\/\/rnoticias.com.mx\/Portal\/wp-json\/wp\/v2\/posts"}],"about":[{"href":"https:\/\/rnoticias.com.mx\/Portal\/wp-json\/wp\/v2\/types\/post"}],"author":[{"embeddable":true,"href":"https:\/\/rnoticias.com.mx\/Portal\/wp-json\/wp\/v2\/users\/2"}],"replies":[{"embeddable":true,"href":"https:\/\/rnoticias.com.mx\/Portal\/wp-json\/wp\/v2\/comments?post=207194"}],"version-history":[{"count":1,"href":"https:\/\/rnoticias.com.mx\/Portal\/wp-json\/wp\/v2\/posts\/207194\/revisions"}],"predecessor-version":[{"id":207196,"href":"https:\/\/rnoticias.com.mx\/Portal\/wp-json\/wp\/v2\/posts\/207194\/revisions\/207196"}],"wp:featuredmedia":[{"embeddable":true,"href":"https:\/\/rnoticias.com.mx\/Portal\/wp-json\/wp\/v2\/media\/207195"}],"wp:attachment":[{"href":"https:\/\/rnoticias.com.mx\/Portal\/wp-json\/wp\/v2\/media?parent=207194"}],"wp:term":[{"taxonomy":"category","embeddable":true,"href":"https:\/\/rnoticias.com.mx\/Portal\/wp-json\/wp\/v2\/categories?post=207194"},{"taxonomy":"post_tag","embeddable":true,"href":"https:\/\/rnoticias.com.mx\/Portal\/wp-json\/wp\/v2\/tags?post=207194"}],"curies":[{"name":"wp","href":"https:\/\/api.w.org\/{rel}","templated":true}]}}