{"id":206989,"date":"2025-01-27T22:55:52","date_gmt":"2025-01-27T22:55:52","guid":{"rendered":"https:\/\/rnoticias.com.mx\/Portal\/?p=206989"},"modified":"2025-01-27T22:55:52","modified_gmt":"2025-01-27T22:55:52","slug":"gobierno-de-sonora-promueve-buena-vibra-cafe-espacio-de-inclusion-y-sabor-para-los-sonorenses","status":"publish","type":"post","link":"https:\/\/rnoticias.com.mx\/Portal\/2025\/01\/27\/gobierno-de-sonora-promueve-buena-vibra-cafe-espacio-de-inclusion-y-sabor-para-los-sonorenses\/","title":{"rendered":"Gobierno de Sonora promueve Buena Vibra Caf\u00e9: espacio de inclusi\u00f3n y sabor para los sonorenses"},"content":{"rendered":"<p>Hermosillo, Sonora; 27 de enero de 2025.- El Gobierno de Sonora, a trav\u00e9s del Sistema para el Desarrollo Integral de la Familia en la entidad (DIF Sonora), invita a la comunidad a disfrutar de Buena Vibra Caf\u00e9, un espacio incluyente atendido por j\u00f3venes con s\u00edndrome de Down o discapacidad intelectual, estudiantes del Centro de Capacitaci\u00f3n Ocupacional Manos a la Vida.<\/p>\n<p>Ubicado en Calle Miguel Hidalgo #10, colonia Villa de Seris, Buena Vibra Caf\u00e9 abre sus puertas al p\u00fablico de 9:00 a 14:00 horas, ofreciendo un delicioso men\u00fa que incluye chilaquiles, s\u00e1ndwiches, yogurt y mucho m\u00e1s, todo preparado con esmero y dedicaci\u00f3n por sus talentosos estudiantes guiados por un chef y sus docentes.<\/p>\n<p>La directora general del Sistema DIF Sonora, Lizeth V\u00e1squez Ochoa, resalt\u00f3 la importancia de este tipo de espacios, que fomentan la inclusi\u00f3n social y laboral de las personas con discapacidad, brind\u00e1ndoles oportunidades reales de desarrollo y contribuci\u00f3n a la sociedad. &#8220;En Buena Vibra Caf\u00e9, cada taza de caf\u00e9 y cada platillo son una muestra del talento, la entrega y el amor con el que trabajan estos j\u00f3venes, quienes nos ense\u00f1an d\u00eda a d\u00eda el valor de la verdadera inclusi\u00f3n&#8221;, destac\u00f3.<\/p>\n<p>El Gobierno del Estado de Sonora reafirma su compromiso con la construcci\u00f3n de un Sonora m\u00e1s incluyente, impulsando iniciativas que promueven el bienestar de todas las familias sonorenses y generan espacios de integraci\u00f3n y respeto.<\/p>\n<p>Buena Vibra Caf\u00e9 es m\u00e1s que un lugar para disfrutar un buen desayuno, es un espacio donde cada momento es especial. Invitamos a la comunidad a sumarse a esta noble causa, apoyando y disfrutando de la deliciosa oferta gastron\u00f3mica. Para m\u00e1s informaci\u00f3n o reservas se pueden comunicar al tel\u00e9fono de contacto: (662) 250 12 44.<\/p>\n","protected":false},"excerpt":{"rendered":"<p>Hermosillo, Sonora; 27 de enero de 2025.- El Gobierno de Sonora, a trav\u00e9s del Sistema para el Desarrollo Integral de la Familia en la entidad (DIF Sonora), invita a la comunidad a disfrutar de Buena Vibra Caf\u00e9, un espacio incluyente atendido por j\u00f3venes con s\u00edndrome de Down o discapacidad intelectual, estudiantes del Centro de Capacitaci\u00f3n [&hellip;]<\/p>\n","protected":false},"author":2,"featured_media":206990,"comment_status":"closed","ping_status":"closed","sticky":false,"template":"","format":"standard","meta":{"footnotes":""},"categories":[12870,178],"tags":[12865,12869],"class_list":["post-206989","post","type-post","status-publish","format-standard","has-post-thumbnail","hentry","category-destacadas","category-local","tag-destacadas","tag-local"],"jetpack_featured_media_url":"https:\/\/rnoticias.com.mx\/Portal\/wp-content\/uploads\/2025\/01\/f38bf56b-a0bb-49dc-96a0-b6ed3f4f277a.jpg","amp_enabled":true,"_links":{"self":[{"href":"https:\/\/rnoticias.com.mx\/Portal\/wp-json\/wp\/v2\/posts\/206989","targetHints":{"allow":["GET"]}}],"collection":[{"href":"https:\/\/rnoticias.com.mx\/Portal\/wp-json\/wp\/v2\/posts"}],"about":[{"href":"https:\/\/rnoticias.com.mx\/Portal\/wp-json\/wp\/v2\/types\/post"}],"author":[{"embeddable":true,"href":"https:\/\/rnoticias.com.mx\/Portal\/wp-json\/wp\/v2\/users\/2"}],"replies":[{"embeddable":true,"href":"https:\/\/rnoticias.com.mx\/Portal\/wp-json\/wp\/v2\/comments?post=206989"}],"version-history":[{"count":1,"href":"https:\/\/rnoticias.com.mx\/Portal\/wp-json\/wp\/v2\/posts\/206989\/revisions"}],"predecessor-version":[{"id":206991,"href":"https:\/\/rnoticias.com.mx\/Portal\/wp-json\/wp\/v2\/posts\/206989\/revisions\/206991"}],"wp:featuredmedia":[{"embeddable":true,"href":"https:\/\/rnoticias.com.mx\/Portal\/wp-json\/wp\/v2\/media\/206990"}],"wp:attachment":[{"href":"https:\/\/rnoticias.com.mx\/Portal\/wp-json\/wp\/v2\/media?parent=206989"}],"wp:term":[{"taxonomy":"category","embeddable":true,"href":"https:\/\/rnoticias.com.mx\/Portal\/wp-json\/wp\/v2\/categories?post=206989"},{"taxonomy":"post_tag","embeddable":true,"href":"https:\/\/rnoticias.com.mx\/Portal\/wp-json\/wp\/v2\/tags?post=206989"}],"curies":[{"name":"wp","href":"https:\/\/api.w.org\/{rel}","templated":true}]}}