{"id":206986,"date":"2025-01-27T22:39:55","date_gmt":"2025-01-27T22:39:55","guid":{"rendered":"https:\/\/rnoticias.com.mx\/Portal\/?p=206986"},"modified":"2025-01-27T22:39:55","modified_gmt":"2025-01-27T22:39:55","slug":"fortalece-tono-astiazaran-atencion-del-ayuntamiento-a-ciudadanos-con-programa-hermosillo-es-tuyo","status":"publish","type":"post","link":"https:\/\/rnoticias.com.mx\/Portal\/2025\/01\/27\/fortalece-tono-astiazaran-atencion-del-ayuntamiento-a-ciudadanos-con-programa-hermosillo-es-tuyo\/","title":{"rendered":"Fortalece To\u00f1o Astiazar\u00e1n atenci\u00f3n del Ayuntamiento a ciudadanos con programa &#8220;Hermosillo Es Tuyo&#8221;"},"content":{"rendered":"<p><b data-olk-copy-source=\"MessageBody\">Sonora; 27 de enero, 2025<\/b>.- \u201cDesde que el INEGI mide, nunca el Ayuntamiento hab\u00eda tenido el nivel de aprobaci\u00f3n tan alto para eficientar y mejorar los servicios p\u00fablicos y eso es gracias a ustedes\u201d, reconoci\u00f3 Antonio Astiazar\u00e1n Guti\u00e9rrez al iniciar el programa &#8220;Hermosillo Es Tuyo&#8221;.<\/p>\n<p aria-hidden=\"true\">\n<p>El presidente municipal inici\u00f3 el programa que busca estrechar lazos entre personal de dependencias y fortalecer la atenci\u00f3n que diariamente brindan a la ciudadan\u00eda a trav\u00e9s de capacitaciones impartidas por profesionales.<\/p>\n<p aria-hidden=\"true\">\n<p>Acompa\u00f1ado por Francisco Villaescusa, titular del Instituto Hermosillense de la Juventud (IHJ) y Lisette L\u00f3pez God\u00ednez, directora de Recursos Humanos, To\u00f1o Astiazar\u00e1n prioriz\u00f3 la comunicaci\u00f3n trasversal en el servicio p\u00fablico, as\u00ed como tambi\u00e9n, la empat\u00eda a quienes se acercan al Ayuntamiento de Hermosillo para alg\u00fan tr\u00e1mite, reporte o servicio.<\/p>\n<p aria-hidden=\"true\">\n<p>\u201cLa responsabilidad que hoy tenemos nos obliga a todas y a todos a trabajar en equipo, un equipo de la H del que nos sintamos orgullosos y este tipo de ejercicios nos ayuda mucho a ello, yo por eso les quiero agradecer que nos regalen este tiempo para recibir esta capacitaci\u00f3n\u201d, agreg\u00f3.<\/p>\n<p aria-hidden=\"true\">\n<p>\u201cSi bien es cierto, nosotros tenemos una responsabilidad p\u00fablica tambi\u00e9n es cierto que a final de cuentas la poblaci\u00f3n espera mucho de nosotros y no vamos a poder ser eficientes si no nos ponemos en los zapatos de las personas\u201d, puntualiz\u00f3.<\/p>\n<p aria-hidden=\"true\">\n<p>Personal de diversas dependencias abordaron temas como fomentar el compromiso \u00e9tico y profesional; incrementar el sentido de pertenencia y amor por la ciudad; y desarrollar habilidades de atenci\u00f3n y servicio al ciudadano.<\/p>\n<p aria-hidden=\"true\">\n<p>Dichas capacitaciones impulsadas por el IHJ y la direcci\u00f3n de Recursos Humanos reflejan el compromiso de la actual administraci\u00f3n encabezada por Antonio Astiazar\u00e1n de ser un gobierno que trabaja en equipo, cercano, humano y enfocado en el bienestar de la ciudadan\u00eda.<\/p>\n","protected":false},"excerpt":{"rendered":"<p>Sonora; 27 de enero, 2025.- \u201cDesde que el INEGI mide, nunca el Ayuntamiento hab\u00eda tenido el nivel de aprobaci\u00f3n tan alto para eficientar y mejorar los servicios p\u00fablicos y eso es gracias a ustedes\u201d, reconoci\u00f3 Antonio Astiazar\u00e1n Guti\u00e9rrez al iniciar el programa &#8220;Hermosillo Es Tuyo&#8221;. El presidente municipal inici\u00f3 el programa que busca estrechar lazos [&hellip;]<\/p>\n","protected":false},"author":2,"featured_media":206987,"comment_status":"closed","ping_status":"closed","sticky":false,"template":"","format":"standard","meta":{"footnotes":""},"categories":[12870,178],"tags":[12865,12869],"class_list":["post-206986","post","type-post","status-publish","format-standard","has-post-thumbnail","hentry","category-destacadas","category-local","tag-destacadas","tag-local"],"jetpack_featured_media_url":"https:\/\/rnoticias.com.mx\/Portal\/wp-content\/uploads\/2025\/01\/200.jpg","amp_enabled":true,"_links":{"self":[{"href":"https:\/\/rnoticias.com.mx\/Portal\/wp-json\/wp\/v2\/posts\/206986","targetHints":{"allow":["GET"]}}],"collection":[{"href":"https:\/\/rnoticias.com.mx\/Portal\/wp-json\/wp\/v2\/posts"}],"about":[{"href":"https:\/\/rnoticias.com.mx\/Portal\/wp-json\/wp\/v2\/types\/post"}],"author":[{"embeddable":true,"href":"https:\/\/rnoticias.com.mx\/Portal\/wp-json\/wp\/v2\/users\/2"}],"replies":[{"embeddable":true,"href":"https:\/\/rnoticias.com.mx\/Portal\/wp-json\/wp\/v2\/comments?post=206986"}],"version-history":[{"count":1,"href":"https:\/\/rnoticias.com.mx\/Portal\/wp-json\/wp\/v2\/posts\/206986\/revisions"}],"predecessor-version":[{"id":206988,"href":"https:\/\/rnoticias.com.mx\/Portal\/wp-json\/wp\/v2\/posts\/206986\/revisions\/206988"}],"wp:featuredmedia":[{"embeddable":true,"href":"https:\/\/rnoticias.com.mx\/Portal\/wp-json\/wp\/v2\/media\/206987"}],"wp:attachment":[{"href":"https:\/\/rnoticias.com.mx\/Portal\/wp-json\/wp\/v2\/media?parent=206986"}],"wp:term":[{"taxonomy":"category","embeddable":true,"href":"https:\/\/rnoticias.com.mx\/Portal\/wp-json\/wp\/v2\/categories?post=206986"},{"taxonomy":"post_tag","embeddable":true,"href":"https:\/\/rnoticias.com.mx\/Portal\/wp-json\/wp\/v2\/tags?post=206986"}],"curies":[{"name":"wp","href":"https:\/\/api.w.org\/{rel}","templated":true}]}}