{"id":206760,"date":"2025-01-25T16:14:54","date_gmt":"2025-01-25T16:14:54","guid":{"rendered":"https:\/\/rnoticias.com.mx\/Portal\/?p=206760"},"modified":"2025-01-25T16:14:54","modified_gmt":"2025-01-25T16:14:54","slug":"maribel-guardia-obtiene-la-custodia-temporal-de-su-nieto","status":"publish","type":"post","link":"https:\/\/rnoticias.com.mx\/Portal\/2025\/01\/25\/maribel-guardia-obtiene-la-custodia-temporal-de-su-nieto\/","title":{"rendered":"Maribel Guardia obtiene la custodia temporal de su nieto"},"content":{"rendered":"<p>A casi 2 a\u00f1os del fallecimiento de Juli\u00e1n Figueroa, se est\u00e1 generando una pol\u00e9mica alrededor de su hijo, pues Maribel Guardia interpuso una denuncia en contra de Imelda Tu\u00f1\u00f3n, madre de Jos\u00e9 Juli\u00e1n, para \u00abdefender la integridad\u00bb del menor.<\/p>\n<p>Luego de pasar m\u00e1s de 16 horas en la Fiscal\u00eda General se la CDMX, Imelda Tu\u00f1\u00f3n, revel\u00f3 que Maribel Guardia y su esposo se llevaron a su hijo, pidiendo apoyo a la presidenta de M\u00e9xico para buscar justicia.<\/p>\n<p>Incluso, seg\u00fan lo mencionado por Imelda, el ni\u00f1o se ir\u00eda con sus abuelos maternos, pero al final la decisi\u00f3n de las autoridades cambio.<\/p>\n<p>La viuda de Juli\u00e1n Figueroa revel\u00f3 que la relaci\u00f3n con Maribel se quebr\u00f3 luego de Imelda cach\u00f3 una infidelidad de Marco, esposo de Maribel con una de sus alumnas.<\/p>\n<p>Destac\u00f3 que varias ocasiones Maribel tomaba decisiones sobre su nieto, sin avisarle, siendo una denuncia maltrat0 infantil lo que interpuso la actriz en contra de su nuera, alegando que Imelda abandonaba al ni\u00f1o, llegaba tomada, posiblemente drogada.<\/p>\n<p>Con este antecedente, Maribel Guardia emiti\u00f3 un comunicado en redes sociales mencionando que su nieto se quedar\u00e1 con ella, pero no tiene la custodia:<\/p>\n<blockquote>\n<div class=\"google-auto-placed ap_container\">\u201cEl ni\u00f1o debe quedarse de manera temporal (por 10 d\u00edas conmigo), solo mientras se lleva a cabo la investigaci\u00f3n. No se me ha concedido la guarda y custodia. Yo estoy convencida de que los ni\u00f1os deben estar con su mam\u00e1. Siempre voy a defender ese principio. Pero eso s\u00ed: \u00c9l necesita una madre sana y plena de sus facultades. De m\u00e1s est\u00e1 decir que no pretendo suplir a mi hijo, su p\u00e9rdida es irremediable y su ausencia permanente. Pero si es mi obligaci\u00f3n cuidar el inter\u00e9s de mi nieto. Por el momento la autoridad ha determinado que el ambiente m\u00e1s id\u00f3neo para el menor es con su abuelita, en la casa que habita felizmente desde que naci\u00f3, en un entorno familiar. En este camino dejaremos la soluci\u00f3n en manos de Dios y de las autoridades correspondientes, respetando su criterio, siempre en pro del bienestar mayor de mi nieto. A Dios pido que su mam\u00e1 se esfuerce en recuperarse y que cuando eso suceda, el ni\u00f1o pueda regresar con ella en condiciones aptas para su sano desarrollo. Ser\u00e9 la m\u00e1s feliz de que eso suceda. Mientras tanto, en mi casa el ni\u00f1o permanecer\u00e1 lleno de amor y cuidados de mi propia mano y asumo esta responsabilidad como ha sido desde el d\u00eda que naci\u00f3 mi nieto\u201d.<\/div>\n<\/blockquote>\n<div>\n<p>Sin embargo, en un nuevo encuentro con los medios, Imelda Tu\u00f1\u00f3n revela que no hay motivos para que Maribel Guardia tenga a su hijo con ella. Aunque la actriz la denunci\u00f3 por presunto consumo de drogas, Imelda dice que en ning\u00fan momento de las m\u00e1s de 16 horas que estuvo en la fiscal\u00eda le hicieron el antidoping. Al ser cuestionada sobre el video donde supuestamente le llevan dr0gas a casa de Maribel, la joven recalc\u00f3 que no hay prueba m\u00e9dica que pueda avalar eso.<\/p>\n<\/div>\n","protected":false},"excerpt":{"rendered":"<p>A casi 2 a\u00f1os del fallecimiento de Juli\u00e1n Figueroa, se est\u00e1 generando una pol\u00e9mica alrededor de su hijo, pues Maribel Guardia interpuso una denuncia en contra de Imelda Tu\u00f1\u00f3n, madre de Jos\u00e9 Juli\u00e1n, para \u00abdefender la integridad\u00bb del menor. Luego de pasar m\u00e1s de 16 horas en la Fiscal\u00eda General se la CDMX, Imelda Tu\u00f1\u00f3n, [&hellip;]<\/p>\n","protected":false},"author":2,"featured_media":206761,"comment_status":"closed","ping_status":"closed","sticky":false,"template":"","format":"standard","meta":{"footnotes":""},"categories":[12870,219],"tags":[12865,12875],"class_list":["post-206760","post","type-post","status-publish","format-standard","has-post-thumbnail","hentry","category-destacadas","category-espectaculos","tag-destacadas","tag-espectaculos"],"jetpack_featured_media_url":"https:\/\/rnoticias.com.mx\/Portal\/wp-content\/uploads\/2025\/01\/7d417186-ed33-4216-8d64-5394f2ddcf8d.jpg","amp_enabled":true,"_links":{"self":[{"href":"https:\/\/rnoticias.com.mx\/Portal\/wp-json\/wp\/v2\/posts\/206760","targetHints":{"allow":["GET"]}}],"collection":[{"href":"https:\/\/rnoticias.com.mx\/Portal\/wp-json\/wp\/v2\/posts"}],"about":[{"href":"https:\/\/rnoticias.com.mx\/Portal\/wp-json\/wp\/v2\/types\/post"}],"author":[{"embeddable":true,"href":"https:\/\/rnoticias.com.mx\/Portal\/wp-json\/wp\/v2\/users\/2"}],"replies":[{"embeddable":true,"href":"https:\/\/rnoticias.com.mx\/Portal\/wp-json\/wp\/v2\/comments?post=206760"}],"version-history":[{"count":1,"href":"https:\/\/rnoticias.com.mx\/Portal\/wp-json\/wp\/v2\/posts\/206760\/revisions"}],"predecessor-version":[{"id":206762,"href":"https:\/\/rnoticias.com.mx\/Portal\/wp-json\/wp\/v2\/posts\/206760\/revisions\/206762"}],"wp:featuredmedia":[{"embeddable":true,"href":"https:\/\/rnoticias.com.mx\/Portal\/wp-json\/wp\/v2\/media\/206761"}],"wp:attachment":[{"href":"https:\/\/rnoticias.com.mx\/Portal\/wp-json\/wp\/v2\/media?parent=206760"}],"wp:term":[{"taxonomy":"category","embeddable":true,"href":"https:\/\/rnoticias.com.mx\/Portal\/wp-json\/wp\/v2\/categories?post=206760"},{"taxonomy":"post_tag","embeddable":true,"href":"https:\/\/rnoticias.com.mx\/Portal\/wp-json\/wp\/v2\/tags?post=206760"}],"curies":[{"name":"wp","href":"https:\/\/api.w.org\/{rel}","templated":true}]}}