{"id":206690,"date":"2025-01-24T18:33:56","date_gmt":"2025-01-24T18:33:56","guid":{"rendered":"https:\/\/rnoticias.com.mx\/Portal\/?p=206690"},"modified":"2025-01-24T18:33:56","modified_gmt":"2025-01-24T18:33:56","slug":"ctm-hermosillo-hace-un-llamado-a-la-unidad-para-enfrentar-la-crisis-del-imss-en-el-estado","status":"publish","type":"post","link":"https:\/\/rnoticias.com.mx\/Portal\/2025\/01\/24\/ctm-hermosillo-hace-un-llamado-a-la-unidad-para-enfrentar-la-crisis-del-imss-en-el-estado\/","title":{"rendered":"CTM Hermosillo hace un llamado a la unidad para enfrentar la crisis del IMSS en el Estado"},"content":{"rendered":"<p>En el marco de la reuni\u00f3n mensual del METSADI (Mesa de Trabajo Subdelegacional de Atenci\u00f3n y Di\u00e1logo Intersectorial) que re\u00fane a autoridades del Instituto Mexicano del Seguro Social (IMSS) en Sonora con representantes empresariales y sindicales, el Diputado local y dirigente de la CTM en Hermosillo, Oscar Ortiz Arvayo, manifest\u00f3 su preocupaci\u00f3n por la delicada situaci\u00f3n del sistema de salud en el Estado. Destac\u00f3 que los problemas que afectan a los derechohabientes repercuten tambi\u00e9n en la productividad de las empresas, por lo que subray\u00f3 la necesidad de una acci\u00f3n conjunta para resolver estas problem\u00e1ticas.<\/p>\n<p>El diputado cetemista celebr\u00f3 la llegada de la Dra. Mariel Mart\u00ednez como nueva delegada del IMSS en Sonora, reconociendo su profesionalismo y sensibilidad. Sin embargo, se\u00f1al\u00f3 que la delegaci\u00f3n enfrenta grandes retos, entre ellos el d\u00e9ficit de m\u00e9dicos especialistas en el estado, con m\u00e1s de 330 plazas sin ocupar y un preocupante primer lugar nacional en quejas, de acuerdo con los \u00faltimos reportes.<\/p>\n<p>\u201cNos dejaron en un panorama complicado, y esto no puede seguir as\u00ed. Aunque confiamos en que la Dra. Mart\u00ednez marcar\u00e1 un cambio positivo, es crucial entender la magnitud de los desaf\u00edos y trabajar de manera coordinada para resolverlos\u201d, coment\u00f3 Ortiz Arvayo.<\/p>\n<p>El legislador destac\u00f3 el apoyo del Gobernador Alfonso Durazo para que Sonora cuente con infraestructura hospitalaria avanzada en comparaci\u00f3n con otros estados, lo cual se reforzar\u00e1 con la puesta en marcha del Hospital Ramos Bours (anterior Hospital General del Estado), mismo que no puede aprovecharse al m\u00e1ximo sin el personal m\u00e9dico necesario. La falta de m\u00e9dicos especialistas afecta gravemente a los derechohabientes, quienes no reciben la atenci\u00f3n adecuada, y a las empresas, que aportan recursos al sistema sin ver un retorno satisfactorio en los servicios.<\/p>\n<p>En este contexto, Ortiz Arvayo hizo un llamado a las organizaciones sindicales y empresariales a unirse a los esfuerzos del Gobierno Estatal para exigir soluciones a nivel nacional. Subray\u00f3 que el METSADI debe ser un espacio de construcci\u00f3n y di\u00e1logo, y no de confrontaci\u00f3n con el instituto, para encontrar estrategias que permitan atraer m\u00e9dicos especialistas al IMSS.<\/p>\n<p>El diputado tambi\u00e9n puso sobre la mesa otros problemas relevantes, como la falta de cobertura en guarder\u00edas y los retos que implica la pr\u00f3xima apertura de un nuevo hospital en Hermosillo. Destac\u00f3 que, si ya hay un d\u00e9ficit de personal en las instalaciones actuales, es prioritario definir un plan de c\u00f3mo se cubrir\u00e1n las necesidades de la nueva infraestructura.<\/p>\n<p>Finalmente, Oscar Ortiz Arvayo llam\u00f3 a la reflexi\u00f3n y a la colaboraci\u00f3n entre autoridades, empresas y sindicatos para construir soluciones que beneficien a todos. \u201cLevantemos la voz juntos, es la \u00fanica forma que podemos cambiar nuestra realidad y garantizar el derecho a una salud digna para los trabajadores de Sonora y sus familias\u201d, concluy\u00f3.<\/p>\n","protected":false},"excerpt":{"rendered":"<p>En el marco de la reuni\u00f3n mensual del METSADI (Mesa de Trabajo Subdelegacional de Atenci\u00f3n y Di\u00e1logo Intersectorial) que re\u00fane a autoridades del Instituto Mexicano del Seguro Social (IMSS) en Sonora con representantes empresariales y sindicales, el Diputado local y dirigente de la CTM en Hermosillo, Oscar Ortiz Arvayo, manifest\u00f3 su preocupaci\u00f3n por la delicada [&hellip;]<\/p>\n","protected":false},"author":2,"featured_media":206691,"comment_status":"closed","ping_status":"closed","sticky":false,"template":"","format":"standard","meta":{"footnotes":""},"categories":[12870,178],"tags":[12865,12869],"class_list":["post-206690","post","type-post","status-publish","format-standard","has-post-thumbnail","hentry","category-destacadas","category-local","tag-destacadas","tag-local"],"jetpack_featured_media_url":"https:\/\/rnoticias.com.mx\/Portal\/wp-content\/uploads\/2025\/01\/947351f0-bb32-42d5-b519-319b98d86602.jpg","amp_enabled":true,"_links":{"self":[{"href":"https:\/\/rnoticias.com.mx\/Portal\/wp-json\/wp\/v2\/posts\/206690","targetHints":{"allow":["GET"]}}],"collection":[{"href":"https:\/\/rnoticias.com.mx\/Portal\/wp-json\/wp\/v2\/posts"}],"about":[{"href":"https:\/\/rnoticias.com.mx\/Portal\/wp-json\/wp\/v2\/types\/post"}],"author":[{"embeddable":true,"href":"https:\/\/rnoticias.com.mx\/Portal\/wp-json\/wp\/v2\/users\/2"}],"replies":[{"embeddable":true,"href":"https:\/\/rnoticias.com.mx\/Portal\/wp-json\/wp\/v2\/comments?post=206690"}],"version-history":[{"count":1,"href":"https:\/\/rnoticias.com.mx\/Portal\/wp-json\/wp\/v2\/posts\/206690\/revisions"}],"predecessor-version":[{"id":206692,"href":"https:\/\/rnoticias.com.mx\/Portal\/wp-json\/wp\/v2\/posts\/206690\/revisions\/206692"}],"wp:featuredmedia":[{"embeddable":true,"href":"https:\/\/rnoticias.com.mx\/Portal\/wp-json\/wp\/v2\/media\/206691"}],"wp:attachment":[{"href":"https:\/\/rnoticias.com.mx\/Portal\/wp-json\/wp\/v2\/media?parent=206690"}],"wp:term":[{"taxonomy":"category","embeddable":true,"href":"https:\/\/rnoticias.com.mx\/Portal\/wp-json\/wp\/v2\/categories?post=206690"},{"taxonomy":"post_tag","embeddable":true,"href":"https:\/\/rnoticias.com.mx\/Portal\/wp-json\/wp\/v2\/tags?post=206690"}],"curies":[{"name":"wp","href":"https:\/\/api.w.org\/{rel}","templated":true}]}}