{"id":206141,"date":"2025-01-20T18:09:48","date_gmt":"2025-01-20T18:09:48","guid":{"rendered":"https:\/\/rnoticias.com.mx\/Portal\/?p=206141"},"modified":"2025-01-20T18:09:48","modified_gmt":"2025-01-20T18:09:48","slug":"eduardo-verastegui-presume-asistencia-al-capitolio-tambien-aparece-slim","status":"publish","type":"post","link":"https:\/\/rnoticias.com.mx\/Portal\/2025\/01\/20\/eduardo-verastegui-presume-asistencia-al-capitolio-tambien-aparece-slim\/","title":{"rendered":"Eduardo Ver\u00e1stegui presume asistencia al Capitolio; tambi\u00e9n aparece Slim"},"content":{"rendered":"<p>El productor de cine mexicano,\u00a0<mark><strong>Eduardo Ver\u00e1stegui, comparti\u00f3 una foto en el capitolio acompa\u00f1ado de Christopher Landau, exembajador de Estados Unidos en M\u00e9xico.<\/strong><\/mark><\/p>\n<p>Por medio de su cuenta de X, Ver\u00e1stegui public\u00f3 una foto de una recepci\u00f3n en el recinto este domingo,<strong>\u00a0donde tambi\u00e9n se ve al empresario mexicano, Carlos Slim Hel\u00fa; su hijo mayor Carlos Slim Domit y Francisco Alberto Cervantes D\u00edaz,\u00a0<\/strong>presidente de Consejo Coordinador Empresarial (CCE), acompa\u00f1ado de la leyenda<mark><strong>\u00a0&#8220;\u00a1Juntos por un M\u00e9xico mejor!&#8221;.<\/strong><\/mark><\/p>\n<p><strong>Es importante destacar que el tambi\u00e9n actor es simpatizante de la ultraderecha y del ahora presidente de Estados Unidos, Donald Trump<\/strong>, evidenciando abiertamente en redes sociales su respaldo al pol\u00edtico estadounidense.<\/p>\n","protected":false},"excerpt":{"rendered":"<p>El productor de cine mexicano,\u00a0Eduardo Ver\u00e1stegui, comparti\u00f3 una foto en el capitolio acompa\u00f1ado de Christopher Landau, exembajador de Estados Unidos en M\u00e9xico. Por medio de su cuenta de X, Ver\u00e1stegui public\u00f3 una foto de una recepci\u00f3n en el recinto este domingo,\u00a0donde tambi\u00e9n se ve al empresario mexicano, Carlos Slim Hel\u00fa; su hijo mayor Carlos Slim [&hellip;]<\/p>\n","protected":false},"author":2,"featured_media":206142,"comment_status":"closed","ping_status":"closed","sticky":false,"template":"","format":"standard","meta":{"footnotes":""},"categories":[12870,219],"tags":[12865,12875],"class_list":["post-206141","post","type-post","status-publish","format-standard","has-post-thumbnail","hentry","category-destacadas","category-espectaculos","tag-destacadas","tag-espectaculos"],"jetpack_featured_media_url":"https:\/\/rnoticias.com.mx\/Portal\/wp-content\/uploads\/2025\/01\/trump__eduardo_verxstegui_presume_asistencia_al_capitoliox_tambixn_aparece_slim_version1737395196399.jpg_1063325444.webp","amp_enabled":true,"_links":{"self":[{"href":"https:\/\/rnoticias.com.mx\/Portal\/wp-json\/wp\/v2\/posts\/206141","targetHints":{"allow":["GET"]}}],"collection":[{"href":"https:\/\/rnoticias.com.mx\/Portal\/wp-json\/wp\/v2\/posts"}],"about":[{"href":"https:\/\/rnoticias.com.mx\/Portal\/wp-json\/wp\/v2\/types\/post"}],"author":[{"embeddable":true,"href":"https:\/\/rnoticias.com.mx\/Portal\/wp-json\/wp\/v2\/users\/2"}],"replies":[{"embeddable":true,"href":"https:\/\/rnoticias.com.mx\/Portal\/wp-json\/wp\/v2\/comments?post=206141"}],"version-history":[{"count":1,"href":"https:\/\/rnoticias.com.mx\/Portal\/wp-json\/wp\/v2\/posts\/206141\/revisions"}],"predecessor-version":[{"id":206143,"href":"https:\/\/rnoticias.com.mx\/Portal\/wp-json\/wp\/v2\/posts\/206141\/revisions\/206143"}],"wp:featuredmedia":[{"embeddable":true,"href":"https:\/\/rnoticias.com.mx\/Portal\/wp-json\/wp\/v2\/media\/206142"}],"wp:attachment":[{"href":"https:\/\/rnoticias.com.mx\/Portal\/wp-json\/wp\/v2\/media?parent=206141"}],"wp:term":[{"taxonomy":"category","embeddable":true,"href":"https:\/\/rnoticias.com.mx\/Portal\/wp-json\/wp\/v2\/categories?post=206141"},{"taxonomy":"post_tag","embeddable":true,"href":"https:\/\/rnoticias.com.mx\/Portal\/wp-json\/wp\/v2\/tags?post=206141"}],"curies":[{"name":"wp","href":"https:\/\/api.w.org\/{rel}","templated":true}]}}