{"id":206132,"date":"2025-01-20T17:26:44","date_gmt":"2025-01-20T17:26:44","guid":{"rendered":"https:\/\/rnoticias.com.mx\/Portal\/?p=206132"},"modified":"2025-01-20T17:26:44","modified_gmt":"2025-01-20T17:26:44","slug":"acude-alejandra-valencia-a-centro-de-excelencia-de-la-world-archery-en-suiza","status":"publish","type":"post","link":"https:\/\/rnoticias.com.mx\/Portal\/2025\/01\/20\/acude-alejandra-valencia-a-centro-de-excelencia-de-la-world-archery-en-suiza\/","title":{"rendered":"Acude Alejandra Valencia a centro de excelencia de la World Archery en Suiza"},"content":{"rendered":"<p class=\"x_gmail-MsoNoSpacing\"><span data-olk-copy-source=\"MessageBody\">Hermosillo, Sonora, 20 de enero del 2025.- La doble medallista ol\u00edmpica sonorense, Alejandra Valencia, se encuentra en un campamento de entrenamiento en el Centro de Excelencia de la World Archery, en Lausana, Suiza, como preparaci\u00f3n para la temporada 2025 que est\u00e1 por iniciar.<\/span><\/p>\n<p class=\"x_gmail-MsoNoSpacing\">\n<p class=\"x_gmail-MsoNoSpacing\">Valencia Trujillo viaj\u00f3 a esa naci\u00f3n europea con el respaldo de la Comisi\u00f3n Nacional de Cultura F\u00edsica y Deporte (Conade) y el de la World Archery M\u00e9xico, en ruta a los eventos del presente a\u00f1o, como el serial de la Copa del Mundo y el Campeonato Mundial de Tiro con Arco.<\/p>\n<p class=\"x_gmail-MsoNoSpacing\">\n<p class=\"x_gmail-MsoNoSpacing\">Despu\u00e9s de concluir la concentraci\u00f3n, la arquera sonorense regresar\u00e1 a M\u00e9xico para ver acci\u00f3n en la segunda etapa del Selectivo Nacional, en ruta a armar el equipo (recurvo femenil) que representar\u00e1 a nuestro pa\u00eds en los compromisos de talla internacional.<\/p>\n<p class=\"x_gmail-MsoNoSpacing\">\n<p class=\"x_gmail-MsoNoSpacing\">La ganadora de preseas de bronce en Tokio 2020 y en Par\u00eds 2024, qued\u00f3 exenta de la primera fase que recibi\u00f3 Monclova, Coahuila; la segunda habr\u00e1 de efectuarse entre el 30 de enero y el 1 de febrero en las instalaciones del Centro Nacional de Desarrollo de Talentos Deportivos y Alto Rendimiento (CNAR), ubicado en la Ciudad de M\u00e9xico.<\/p>\n<p class=\"x_gmail-MsoNoSpacing\">\n<p class=\"x_gmail-MsoNoSpacing\">Por lo tanto, la meta de Alejandra Valencia es repetir como la l\u00edder del seleccionado nacional mayor de arco recurvo femenil, como en el 2024, cuando dirigi\u00f3 a la terna a obtener excelentes resultados, encumbrados por la conquista de la medalla de bronce en los Juegos Ol\u00edmpicos Par\u00eds 2024 en la modalidad de Equipos Femenino.<\/p>\n","protected":false},"excerpt":{"rendered":"<p>Hermosillo, Sonora, 20 de enero del 2025.- La doble medallista ol\u00edmpica sonorense, Alejandra Valencia, se encuentra en un campamento de entrenamiento en el Centro de Excelencia de la World Archery, en Lausana, Suiza, como preparaci\u00f3n para la temporada 2025 que est\u00e1 por iniciar. Valencia Trujillo viaj\u00f3 a esa naci\u00f3n europea con el respaldo de la [&hellip;]<\/p>\n","protected":false},"author":2,"featured_media":0,"comment_status":"closed","ping_status":"closed","sticky":false,"template":"","format":"standard","meta":{"footnotes":""},"categories":[188],"tags":[5231],"class_list":["post-206132","post","type-post","status-publish","format-standard","hentry","category-deportes","tag-deportes"],"jetpack_featured_media_url":"","amp_enabled":true,"_links":{"self":[{"href":"https:\/\/rnoticias.com.mx\/Portal\/wp-json\/wp\/v2\/posts\/206132","targetHints":{"allow":["GET"]}}],"collection":[{"href":"https:\/\/rnoticias.com.mx\/Portal\/wp-json\/wp\/v2\/posts"}],"about":[{"href":"https:\/\/rnoticias.com.mx\/Portal\/wp-json\/wp\/v2\/types\/post"}],"author":[{"embeddable":true,"href":"https:\/\/rnoticias.com.mx\/Portal\/wp-json\/wp\/v2\/users\/2"}],"replies":[{"embeddable":true,"href":"https:\/\/rnoticias.com.mx\/Portal\/wp-json\/wp\/v2\/comments?post=206132"}],"version-history":[{"count":1,"href":"https:\/\/rnoticias.com.mx\/Portal\/wp-json\/wp\/v2\/posts\/206132\/revisions"}],"predecessor-version":[{"id":206134,"href":"https:\/\/rnoticias.com.mx\/Portal\/wp-json\/wp\/v2\/posts\/206132\/revisions\/206134"}],"wp:attachment":[{"href":"https:\/\/rnoticias.com.mx\/Portal\/wp-json\/wp\/v2\/media?parent=206132"}],"wp:term":[{"taxonomy":"category","embeddable":true,"href":"https:\/\/rnoticias.com.mx\/Portal\/wp-json\/wp\/v2\/categories?post=206132"},{"taxonomy":"post_tag","embeddable":true,"href":"https:\/\/rnoticias.com.mx\/Portal\/wp-json\/wp\/v2\/tags?post=206132"}],"curies":[{"name":"wp","href":"https:\/\/api.w.org\/{rel}","templated":true}]}}