{"id":206087,"date":"2025-01-19T22:24:19","date_gmt":"2025-01-19T22:24:19","guid":{"rendered":"https:\/\/rnoticias.com.mx\/Portal\/?p=206087"},"modified":"2025-01-19T22:24:19","modified_gmt":"2025-01-19T22:24:19","slug":"operativo-conjunto-cumplimenta-orden-de-aprehension-a-luis-angel-n-por-tentativa-de-feminicidio-en-nogales","status":"publish","type":"post","link":"https:\/\/rnoticias.com.mx\/Portal\/2025\/01\/19\/operativo-conjunto-cumplimenta-orden-de-aprehension-a-luis-angel-n-por-tentativa-de-feminicidio-en-nogales\/","title":{"rendered":"Operativo conjunto cumplimenta orden de aprehensi\u00f3n a Luis \u00c1ngel \u201cN\u201d por tentativa de feminicidio en Nogales"},"content":{"rendered":"<p>Nogales, Sonora, 19 de enero de 2025.- En operativo conjunto entre la Agencia Ministerial de Investigaci\u00f3n Criminal y Secretar\u00eda de Defensa Nacional (DEFENSA) cumplimentaron una orden de aprehensi\u00f3n contra Luis \u00c1ngel \u201cN\u201d, de 43 a\u00f1os, por su presunta responsabilidad en el delito de feminicidio agravado en grado de tentativa, en perjuicio de Mar\u00eda Teresa \u201cN\u201d.<\/p>\n<p>Los hechos, se presume, ocurrieron el 15 de enero de 2025, cuando la v\u00edctima se encontraba a bordo de un veh\u00edculo en compa\u00f1\u00eda del imputado, quien conduc\u00eda por una de las calles de Residencial Casa Blanca.<\/p>\n<p>En la parte trasera del interior del veh\u00edculo se encontraba una persona no identificada oculta, misma que trat\u00f3 de estrangularla utilizando un cable, mientras Luis \u00c1ngel \u201cN\u201d continuaba manejando.<\/p>\n<p>La v\u00edctima logr\u00f3 escapar del veh\u00edculo, evitando que se consumara el acto de privarla de la vida.<\/p>\n<p>La orden de aprehensi\u00f3n correspondiente fue cumplimentada el 17 de enero en la calle Los Jumanos de la colonia Luis D. Colosio, donde el imputado fue detenido por elementos de la AMIC y DEFENSA.<\/p>\n<p>Luis \u00c1ngel \u201cN\u201d fue trasladado e internado en el Centro de Reinserci\u00f3n Social (CERESO) de Nogales, donde qued\u00f3 a disposici\u00f3n del Juez para la continuaci\u00f3n de su proceso legal.<\/p>\n<p>La Fiscal\u00eda General de Justicia del Estado de Sonora (FGJES) reitera su compromiso con la atenci\u00f3n oportuna y efectiva en los casos de violencia contra las mujeres, fortaleciendo las acciones para garantizar justicia y la seguridad de las v\u00edctimas.<\/p>\n","protected":false},"excerpt":{"rendered":"<p>Nogales, Sonora, 19 de enero de 2025.- En operativo conjunto entre la Agencia Ministerial de Investigaci\u00f3n Criminal y Secretar\u00eda de Defensa Nacional (DEFENSA) cumplimentaron una orden de aprehensi\u00f3n contra Luis \u00c1ngel \u201cN\u201d, de 43 a\u00f1os, por su presunta responsabilidad en el delito de feminicidio agravado en grado de tentativa, en perjuicio de Mar\u00eda Teresa \u201cN\u201d. [&hellip;]<\/p>\n","protected":false},"author":2,"featured_media":206088,"comment_status":"closed","ping_status":"closed","sticky":false,"template":"","format":"standard","meta":{"footnotes":""},"categories":[174],"tags":[12873],"class_list":["post-206087","post","type-post","status-publish","format-standard","has-post-thumbnail","hentry","category-estatal","tag-estatal"],"jetpack_featured_media_url":"https:\/\/rnoticias.com.mx\/Portal\/wp-content\/uploads\/2025\/01\/a66a59d2-3128-4be7-b921-fa03205241d6.jpg","amp_enabled":true,"_links":{"self":[{"href":"https:\/\/rnoticias.com.mx\/Portal\/wp-json\/wp\/v2\/posts\/206087","targetHints":{"allow":["GET"]}}],"collection":[{"href":"https:\/\/rnoticias.com.mx\/Portal\/wp-json\/wp\/v2\/posts"}],"about":[{"href":"https:\/\/rnoticias.com.mx\/Portal\/wp-json\/wp\/v2\/types\/post"}],"author":[{"embeddable":true,"href":"https:\/\/rnoticias.com.mx\/Portal\/wp-json\/wp\/v2\/users\/2"}],"replies":[{"embeddable":true,"href":"https:\/\/rnoticias.com.mx\/Portal\/wp-json\/wp\/v2\/comments?post=206087"}],"version-history":[{"count":1,"href":"https:\/\/rnoticias.com.mx\/Portal\/wp-json\/wp\/v2\/posts\/206087\/revisions"}],"predecessor-version":[{"id":206089,"href":"https:\/\/rnoticias.com.mx\/Portal\/wp-json\/wp\/v2\/posts\/206087\/revisions\/206089"}],"wp:featuredmedia":[{"embeddable":true,"href":"https:\/\/rnoticias.com.mx\/Portal\/wp-json\/wp\/v2\/media\/206088"}],"wp:attachment":[{"href":"https:\/\/rnoticias.com.mx\/Portal\/wp-json\/wp\/v2\/media?parent=206087"}],"wp:term":[{"taxonomy":"category","embeddable":true,"href":"https:\/\/rnoticias.com.mx\/Portal\/wp-json\/wp\/v2\/categories?post=206087"},{"taxonomy":"post_tag","embeddable":true,"href":"https:\/\/rnoticias.com.mx\/Portal\/wp-json\/wp\/v2\/tags?post=206087"}],"curies":[{"name":"wp","href":"https:\/\/api.w.org\/{rel}","templated":true}]}}