{"id":206063,"date":"2025-01-19T21:52:55","date_gmt":"2025-01-19T21:52:55","guid":{"rendered":"https:\/\/rnoticias.com.mx\/Portal\/?p=206063"},"modified":"2025-01-19T21:52:55","modified_gmt":"2025-01-19T21:52:55","slug":"brinda-ayuntamiento-de-hermosillo-albergue-temporal-a-28-personas-la-noche-del-viernes-por-frente-frio","status":"publish","type":"post","link":"https:\/\/rnoticias.com.mx\/Portal\/2025\/01\/19\/brinda-ayuntamiento-de-hermosillo-albergue-temporal-a-28-personas-la-noche-del-viernes-por-frente-frio\/","title":{"rendered":"Brinda Ayuntamiento de Hermosillo albergue temporal a 28 personas la noche del viernes por frente fr\u00edo"},"content":{"rendered":"<p><b data-olk-copy-source=\"MessageBody\">Hermosillo, Sonora; 19 de enero, 2025.-<\/b>\u00a0Ante el descenso de temperaturas provocadas por la entrada del frente fr\u00edo n\u00famero 24, el Ayuntamiento de Hermosillo brind\u00f3 albergue temporal a 28 personas en situaci\u00f3n de calle en los Centros H\u00e1bitat de la zona urbana y rural del municipio.<\/p>\n<p aria-hidden=\"true\">\n<p>El Centro H\u00e1bitat de la colonia Caf\u00e9 Combate brind\u00f3 albergue temporal a 13 personas adultas, tres en Solidaridad I y 12 en el Poblado Miguel Alem\u00e1n a quienes se les brindaron colchonetas, cobijas y bebidas calientes para pasar la noche del viernes.<\/p>\n<p aria-hidden=\"true\">\n<p>Adem\u00e1s, en coordinaci\u00f3n con el Departamento de Bomberos se realizaron recorridos en plazas como la Cien A\u00f1os, Emiliana de Zubeld\u00eda, 16 de Septiembre, Cinema 70, Mundito, Jard\u00edn Ju\u00e1rez, Quiroga, Conquistadores, parques como Francisco Madero, de F\u00e1tima y otros sitios para entregar cobijas e invitar a pasar la noche en los albergues temporales.<\/p>\n<p aria-hidden=\"true\">\n<p>Fernando Morales Flores, titular de la Coordinaci\u00f3n Municipal de Protecci\u00f3n Civil (CMPC) invit\u00f3 a la poblaci\u00f3n a cuidar en los hogares a personas adultas mayores y ni\u00f1os y animales de acompa\u00f1amiento.<\/p>\n<p aria-hidden=\"true\">\n<p>&#8220;Invitamos a la poblaci\u00f3n o ciudadan\u00eda a proteger a sus adultos mayores, ni\u00f1as y ni\u00f1os, adem\u00e1s de los animales de acompa\u00f1amiento a resguardarse durante la noche y la madrugada del s\u00e1bado, domingo y lunes, as\u00ed como reportar al 911 si necesitan ayuda o conocen a alguien que requiera apoyo de las autoridades&#8221;, agreg\u00f3.<\/p>\n<p aria-hidden=\"true\">\n<p>El Gobierno Municipal recuerda que de pronostican temperaturas m\u00ednimas de 5 grados cent\u00edgrados para este s\u00e1bado 18 de enero y m\u00e1ximas de 22, mientras que para el domingo 19 de enero se pronostican m\u00ednimas de 6 y m\u00e1ximas de 24.<\/p>\n","protected":false},"excerpt":{"rendered":"<p>Hermosillo, Sonora; 19 de enero, 2025.-\u00a0Ante el descenso de temperaturas provocadas por la entrada del frente fr\u00edo n\u00famero 24, el Ayuntamiento de Hermosillo brind\u00f3 albergue temporal a 28 personas en situaci\u00f3n de calle en los Centros H\u00e1bitat de la zona urbana y rural del municipio. El Centro H\u00e1bitat de la colonia Caf\u00e9 Combate brind\u00f3 albergue [&hellip;]<\/p>\n","protected":false},"author":2,"featured_media":206064,"comment_status":"closed","ping_status":"closed","sticky":false,"template":"","format":"standard","meta":{"footnotes":""},"categories":[178],"tags":[12869],"class_list":["post-206063","post","type-post","status-publish","format-standard","has-post-thumbnail","hentry","category-local","tag-local"],"jetpack_featured_media_url":"https:\/\/rnoticias.com.mx\/Portal\/wp-content\/uploads\/2025\/01\/descarga-3-1.png","amp_enabled":true,"_links":{"self":[{"href":"https:\/\/rnoticias.com.mx\/Portal\/wp-json\/wp\/v2\/posts\/206063","targetHints":{"allow":["GET"]}}],"collection":[{"href":"https:\/\/rnoticias.com.mx\/Portal\/wp-json\/wp\/v2\/posts"}],"about":[{"href":"https:\/\/rnoticias.com.mx\/Portal\/wp-json\/wp\/v2\/types\/post"}],"author":[{"embeddable":true,"href":"https:\/\/rnoticias.com.mx\/Portal\/wp-json\/wp\/v2\/users\/2"}],"replies":[{"embeddable":true,"href":"https:\/\/rnoticias.com.mx\/Portal\/wp-json\/wp\/v2\/comments?post=206063"}],"version-history":[{"count":1,"href":"https:\/\/rnoticias.com.mx\/Portal\/wp-json\/wp\/v2\/posts\/206063\/revisions"}],"predecessor-version":[{"id":206065,"href":"https:\/\/rnoticias.com.mx\/Portal\/wp-json\/wp\/v2\/posts\/206063\/revisions\/206065"}],"wp:featuredmedia":[{"embeddable":true,"href":"https:\/\/rnoticias.com.mx\/Portal\/wp-json\/wp\/v2\/media\/206064"}],"wp:attachment":[{"href":"https:\/\/rnoticias.com.mx\/Portal\/wp-json\/wp\/v2\/media?parent=206063"}],"wp:term":[{"taxonomy":"category","embeddable":true,"href":"https:\/\/rnoticias.com.mx\/Portal\/wp-json\/wp\/v2\/categories?post=206063"},{"taxonomy":"post_tag","embeddable":true,"href":"https:\/\/rnoticias.com.mx\/Portal\/wp-json\/wp\/v2\/tags?post=206063"}],"curies":[{"name":"wp","href":"https:\/\/api.w.org\/{rel}","templated":true}]}}