{"id":206060,"date":"2025-01-19T21:52:03","date_gmt":"2025-01-19T21:52:03","guid":{"rendered":"https:\/\/rnoticias.com.mx\/Portal\/?p=206060"},"modified":"2025-01-19T21:52:03","modified_gmt":"2025-01-19T21:52:03","slug":"gobierno-de-sonora-participa-en-el-foro-binacional-de-negocios-t-mec","status":"publish","type":"post","link":"https:\/\/rnoticias.com.mx\/Portal\/2025\/01\/19\/gobierno-de-sonora-participa-en-el-foro-binacional-de-negocios-t-mec\/","title":{"rendered":"Gobierno de Sonora participa en el Foro Binacional de negocios T-MEC"},"content":{"rendered":"<p align=\"left\">Nogales, Sonora; 19 de enero de 2025.- El Gobierno de Sonora, a trav\u00e9s de la Secretar\u00eda de Econom\u00eda y Turismo (Setur), particip\u00f3 en el Foro Binacional de negocios T-MEC, conectando oportunidades Mex-USA-Can, en Nogales, Sonora, destacando la relevancia de esta regi\u00f3n como eje estrat\u00e9gico para el intercambio binacional.<\/p>\n<p align=\"left\">Este encuentro fue organizado por la Confederaci\u00f3n de C\u00e1maras Nacionales de Comercio, Servicios y Turismo de los Estados Unidos Mexicanos (CONCANACO SERVYTUR M\u00c9XICO), que es un organismo empresarial vertebrado m\u00e1s grande de M\u00e9xico, integrado por 257 C\u00e1maras Confederadas y con presencia en mil 857 municipios.<\/p>\n<p align=\"left\">Perla Valencia Romero, directora general de Desarrollo Empresarial, en representaci\u00f3n del secretario de Econom\u00eda y Turismo de Sonora, Roberto Gradillas Pineda, coment\u00f3 que el tratado entre M\u00e9xico, Estados Unidos y Canad\u00e1 (T-MEC), ha marcado el camino hacia una mayor integraci\u00f3n econ\u00f3mica, y este foro es un claro reflejo de las oportunidades que se abren en t\u00e9rminos de inversi\u00f3n, comercio y turismo binacional.<\/p>\n<p align=\"left\">\n<p align=\"left\">Estas acciones son parte del apoyo y liderazgo del gobernador Alfonso Durazo para impulsar la econom\u00eda del estado y para el desarrollo de la regi\u00f3n fronteriza, Sonora se consolida como un referente de crecimiento y cooperaci\u00f3n en el marco del T-MEC, lo que sin duda abrir\u00e1 m\u00e1s puertas a oportunidades de desarrollo para todas y todos los sonorenses.<\/p>\n<p align=\"left\">En este foro se lograron fomentar alianzas estrat\u00e9gicas entre empresarios mexicanos y estadounidenses, identificar oportunidades de inversi\u00f3n, comercio y turismo binacional e impulsar proyectos que fortalezcan la competitividad y sostenibilidad en la regi\u00f3n fronteriza.<\/p>\n","protected":false},"excerpt":{"rendered":"<p>Nogales, Sonora; 19 de enero de 2025.- El Gobierno de Sonora, a trav\u00e9s de la Secretar\u00eda de Econom\u00eda y Turismo (Setur), particip\u00f3 en el Foro Binacional de negocios T-MEC, conectando oportunidades Mex-USA-Can, en Nogales, Sonora, destacando la relevancia de esta regi\u00f3n como eje estrat\u00e9gico para el intercambio binacional. Este encuentro fue organizado por la Confederaci\u00f3n [&hellip;]<\/p>\n","protected":false},"author":2,"featured_media":206061,"comment_status":"closed","ping_status":"closed","sticky":false,"template":"","format":"standard","meta":{"footnotes":""},"categories":[174],"tags":[12873],"class_list":["post-206060","post","type-post","status-publish","format-standard","has-post-thumbnail","hentry","category-estatal","tag-estatal"],"jetpack_featured_media_url":"https:\/\/rnoticias.com.mx\/Portal\/wp-content\/uploads\/2025\/01\/unnamed-1-11.jpg","amp_enabled":true,"_links":{"self":[{"href":"https:\/\/rnoticias.com.mx\/Portal\/wp-json\/wp\/v2\/posts\/206060","targetHints":{"allow":["GET"]}}],"collection":[{"href":"https:\/\/rnoticias.com.mx\/Portal\/wp-json\/wp\/v2\/posts"}],"about":[{"href":"https:\/\/rnoticias.com.mx\/Portal\/wp-json\/wp\/v2\/types\/post"}],"author":[{"embeddable":true,"href":"https:\/\/rnoticias.com.mx\/Portal\/wp-json\/wp\/v2\/users\/2"}],"replies":[{"embeddable":true,"href":"https:\/\/rnoticias.com.mx\/Portal\/wp-json\/wp\/v2\/comments?post=206060"}],"version-history":[{"count":1,"href":"https:\/\/rnoticias.com.mx\/Portal\/wp-json\/wp\/v2\/posts\/206060\/revisions"}],"predecessor-version":[{"id":206062,"href":"https:\/\/rnoticias.com.mx\/Portal\/wp-json\/wp\/v2\/posts\/206060\/revisions\/206062"}],"wp:featuredmedia":[{"embeddable":true,"href":"https:\/\/rnoticias.com.mx\/Portal\/wp-json\/wp\/v2\/media\/206061"}],"wp:attachment":[{"href":"https:\/\/rnoticias.com.mx\/Portal\/wp-json\/wp\/v2\/media?parent=206060"}],"wp:term":[{"taxonomy":"category","embeddable":true,"href":"https:\/\/rnoticias.com.mx\/Portal\/wp-json\/wp\/v2\/categories?post=206060"},{"taxonomy":"post_tag","embeddable":true,"href":"https:\/\/rnoticias.com.mx\/Portal\/wp-json\/wp\/v2\/tags?post=206060"}],"curies":[{"name":"wp","href":"https:\/\/api.w.org\/{rel}","templated":true}]}}