{"id":206048,"date":"2025-01-19T21:41:32","date_gmt":"2025-01-19T21:41:32","guid":{"rendered":"https:\/\/rnoticias.com.mx\/Portal\/?p=206048"},"modified":"2025-01-19T21:41:32","modified_gmt":"2025-01-19T21:41:32","slug":"promueve-uthermosillo-bienestar-psicosocial-y-una-buena-salud-mental-en-la-comunidad","status":"publish","type":"post","link":"https:\/\/rnoticias.com.mx\/Portal\/2025\/01\/19\/promueve-uthermosillo-bienestar-psicosocial-y-una-buena-salud-mental-en-la-comunidad\/","title":{"rendered":"Promueve UTHermosillo bienestar psicosocial y una buena salud mental en la comunidad"},"content":{"rendered":"<p align=\"left\">Hermosillo, Sonora; 19 de enero de 2024.- A trav\u00e9s del Foro \u201cJuntos Contra la Depresi\u00f3n\u201d, la Universidad Tecnol\u00f3gica de Hermosillo (UTH), en colaboraci\u00f3n con la Secretar\u00eda de Salud (SSP), promueve acciones para fortalecer el bienestar psicosocial y una buena salud mental en la comunidad escolar, destac\u00f3 Abel Leyva Castellanos.<\/p>\n<p align=\"left\">El rector de la UTH enfatiz\u00f3 que las afecciones de la salud mental pueden presentarse en individuos de todas las edades y tienden a verse amplificadas por la manera en que interactuamos los unos con los otros en redes sociales, basando nuestra val\u00eda en el nivel de aceptaci\u00f3n que recibimos en esos espacios y lo fluctuantes que estas valoraciones pueden ser.<\/p>\n<p align=\"left\">\n<p align=\"left\">Detall\u00f3 que la actividad se realiz\u00f3 a trav\u00e9s del Departamento de Promoci\u00f3n de la Salud de la UTH y agradeci\u00f3 el profesionalismo del personal de la Secretar\u00eda de Salud, resaltando su labor de cuidar de la salud mental de las y los j\u00f3venes en seguimiento a las directrices del gobernador Alfonso Durazo.<\/p>\n<p align=\"left\">Por su parte, Jos\u00e9 Fausto Gonz\u00e1lez Barrios, representante de la Direcci\u00f3n General de Salud Mental y Adicciones, explic\u00f3 a las y los presentes en qu\u00e9 consiste el D\u00eda Mundial de la Lucha contra la Depresi\u00f3n, detallando acerca de c\u00f3mo puede haber muchos motivos para que una persona tenga este padecimiento.<\/p>\n<p align=\"left\">\n<p align=\"left\">El evento cont\u00f3 con la participaci\u00f3n de m\u00faltiples especialistas, quienes abordaron temas como qu\u00e9 factores pueden ayudar a una persona a prevenir cuadros depresivos, c\u00f3mo pedir ayuda, cu\u00e1les son los s\u00edntomas de esta enfermedad, en qu\u00e9 se diferencia de otras aflicciones, etc.<\/p>\n","protected":false},"excerpt":{"rendered":"<p>Hermosillo, Sonora; 19 de enero de 2024.- A trav\u00e9s del Foro \u201cJuntos Contra la Depresi\u00f3n\u201d, la Universidad Tecnol\u00f3gica de Hermosillo (UTH), en colaboraci\u00f3n con la Secretar\u00eda de Salud (SSP), promueve acciones para fortalecer el bienestar psicosocial y una buena salud mental en la comunidad escolar, destac\u00f3 Abel Leyva Castellanos. El rector de la UTH enfatiz\u00f3 [&hellip;]<\/p>\n","protected":false},"author":2,"featured_media":206049,"comment_status":"closed","ping_status":"closed","sticky":false,"template":"","format":"standard","meta":{"footnotes":""},"categories":[178],"tags":[12869],"class_list":["post-206048","post","type-post","status-publish","format-standard","has-post-thumbnail","hentry","category-local","tag-local"],"jetpack_featured_media_url":"https:\/\/rnoticias.com.mx\/Portal\/wp-content\/uploads\/2025\/01\/unnamed-2-3.jpg","amp_enabled":true,"_links":{"self":[{"href":"https:\/\/rnoticias.com.mx\/Portal\/wp-json\/wp\/v2\/posts\/206048","targetHints":{"allow":["GET"]}}],"collection":[{"href":"https:\/\/rnoticias.com.mx\/Portal\/wp-json\/wp\/v2\/posts"}],"about":[{"href":"https:\/\/rnoticias.com.mx\/Portal\/wp-json\/wp\/v2\/types\/post"}],"author":[{"embeddable":true,"href":"https:\/\/rnoticias.com.mx\/Portal\/wp-json\/wp\/v2\/users\/2"}],"replies":[{"embeddable":true,"href":"https:\/\/rnoticias.com.mx\/Portal\/wp-json\/wp\/v2\/comments?post=206048"}],"version-history":[{"count":1,"href":"https:\/\/rnoticias.com.mx\/Portal\/wp-json\/wp\/v2\/posts\/206048\/revisions"}],"predecessor-version":[{"id":206050,"href":"https:\/\/rnoticias.com.mx\/Portal\/wp-json\/wp\/v2\/posts\/206048\/revisions\/206050"}],"wp:featuredmedia":[{"embeddable":true,"href":"https:\/\/rnoticias.com.mx\/Portal\/wp-json\/wp\/v2\/media\/206049"}],"wp:attachment":[{"href":"https:\/\/rnoticias.com.mx\/Portal\/wp-json\/wp\/v2\/media?parent=206048"}],"wp:term":[{"taxonomy":"category","embeddable":true,"href":"https:\/\/rnoticias.com.mx\/Portal\/wp-json\/wp\/v2\/categories?post=206048"},{"taxonomy":"post_tag","embeddable":true,"href":"https:\/\/rnoticias.com.mx\/Portal\/wp-json\/wp\/v2\/tags?post=206048"}],"curies":[{"name":"wp","href":"https:\/\/api.w.org\/{rel}","templated":true}]}}