{"id":206029,"date":"2025-01-18T04:34:30","date_gmt":"2025-01-18T04:34:30","guid":{"rendered":"https:\/\/rnoticias.com.mx\/Portal\/?p=206029"},"modified":"2025-01-18T04:34:30","modified_gmt":"2025-01-18T04:34:30","slug":"coordina-ayuntamiento-de-hermosillo-acciones-para-asistir-a-personas-ante-frente-frio-24","status":"publish","type":"post","link":"https:\/\/rnoticias.com.mx\/Portal\/2025\/01\/18\/coordina-ayuntamiento-de-hermosillo-acciones-para-asistir-a-personas-ante-frente-frio-24\/","title":{"rendered":"Coordina Ayuntamiento de Hermosillo acciones para asistir a personas ante frente fr\u00edo 24"},"content":{"rendered":"<p><b data-olk-copy-source=\"MessageBody\">Hermosillo, Sonora; 17 de enero, 2025.<\/b>&#8211; Dependencias del Ayuntamiento de Hermosillo contin\u00faan coordinando acciones para asistir a la poblaci\u00f3n vulnerable y brindar albergue temporal ante la llegada del frente fr\u00edo n\u00famero 24 pronosticado del viernes 17 al jueves 23 de enero.<\/p>\n<p aria-hidden=\"true\">\n<p>Daniel Garc\u00eda Escalante, director de Participaci\u00f3n Ciudadana, inform\u00f3 que se mantienen activos los albergues temporales que durante la noche del jueves 16 de enero recibieron a 31 adultos, 10 de ellos en el Centro H\u00e1bitat Caf\u00e9 Combate, uno en Solidaridad I y 20 en el Poblado Miguel Alem\u00e1n.<\/p>\n<p aria-hidden=\"true\">\n<p>\u201cTenemos tres albergues activados y estamos brindando colchonetas, cobijas, agua, caf\u00e9 y sopa caliente. No se ha presentado ning\u00fan contratiempo ni enfermedad en las personas que hemos recibido en los \u00faltimos d\u00edas\u201d, agreg\u00f3.<\/p>\n<p aria-hidden=\"true\">\n<p>Aunada a la labor de Participaci\u00f3n Ciudadana en albergues temporales, personal de bomberos y protecci\u00f3n civil recorri\u00f3 diversas \u00e1reas del municipio como el Hospital General, Plaza 100 A\u00f1os, centro de la ciudad, Plaza Emiliana de Zubeld\u00eda, Plaza Quiroga, v\u00edas del tren y el puente ubicado en los bulevares Solidaridad y Garc\u00eda Morales, por mencionar algunos.<\/p>\n<p aria-hidden=\"true\">\n<p>Se pronostican temperaturas m\u00ednimas de 5 grados cent\u00edgrados y m\u00e1ximas de hasta 24 grados cent\u00edgrados para este fin de semana seg\u00fan datos proporcionados por la Coordinaci\u00f3n Municipal de Protecci\u00f3n Civil.<\/p>\n<p aria-hidden=\"true\">\n<p>Se reitera la recomendaci\u00f3n a la ciudadan\u00eda de que se proteja con prendas de abrigo y de forma especial cuide a las personas adultas mayores, ni\u00f1as, ni\u00f1os y mascotas.<\/p>\n<p aria-hidden=\"true\">\n<p>El Ayuntamiento de Hermosillo recuerda la importancia de mantener una ventilaci\u00f3n adecuada para personas que utilicen un calefactor en sus hogares, esto, con la finalidad de evitar intoxicaciones por mon\u00f3xido de carbono.<\/p>\n","protected":false},"excerpt":{"rendered":"<p>Hermosillo, Sonora; 17 de enero, 2025.&#8211; Dependencias del Ayuntamiento de Hermosillo contin\u00faan coordinando acciones para asistir a la poblaci\u00f3n vulnerable y brindar albergue temporal ante la llegada del frente fr\u00edo n\u00famero 24 pronosticado del viernes 17 al jueves 23 de enero. Daniel Garc\u00eda Escalante, director de Participaci\u00f3n Ciudadana, inform\u00f3 que se mantienen activos los albergues [&hellip;]<\/p>\n","protected":false},"author":2,"featured_media":206030,"comment_status":"closed","ping_status":"closed","sticky":false,"template":"","format":"standard","meta":{"footnotes":""},"categories":[178],"tags":[12869],"class_list":["post-206029","post","type-post","status-publish","format-standard","has-post-thumbnail","hentry","category-local","tag-local"],"jetpack_featured_media_url":"https:\/\/rnoticias.com.mx\/Portal\/wp-content\/uploads\/2025\/01\/descarga-5.png","amp_enabled":true,"_links":{"self":[{"href":"https:\/\/rnoticias.com.mx\/Portal\/wp-json\/wp\/v2\/posts\/206029","targetHints":{"allow":["GET"]}}],"collection":[{"href":"https:\/\/rnoticias.com.mx\/Portal\/wp-json\/wp\/v2\/posts"}],"about":[{"href":"https:\/\/rnoticias.com.mx\/Portal\/wp-json\/wp\/v2\/types\/post"}],"author":[{"embeddable":true,"href":"https:\/\/rnoticias.com.mx\/Portal\/wp-json\/wp\/v2\/users\/2"}],"replies":[{"embeddable":true,"href":"https:\/\/rnoticias.com.mx\/Portal\/wp-json\/wp\/v2\/comments?post=206029"}],"version-history":[{"count":1,"href":"https:\/\/rnoticias.com.mx\/Portal\/wp-json\/wp\/v2\/posts\/206029\/revisions"}],"predecessor-version":[{"id":206031,"href":"https:\/\/rnoticias.com.mx\/Portal\/wp-json\/wp\/v2\/posts\/206029\/revisions\/206031"}],"wp:featuredmedia":[{"embeddable":true,"href":"https:\/\/rnoticias.com.mx\/Portal\/wp-json\/wp\/v2\/media\/206030"}],"wp:attachment":[{"href":"https:\/\/rnoticias.com.mx\/Portal\/wp-json\/wp\/v2\/media?parent=206029"}],"wp:term":[{"taxonomy":"category","embeddable":true,"href":"https:\/\/rnoticias.com.mx\/Portal\/wp-json\/wp\/v2\/categories?post=206029"},{"taxonomy":"post_tag","embeddable":true,"href":"https:\/\/rnoticias.com.mx\/Portal\/wp-json\/wp\/v2\/tags?post=206029"}],"curies":[{"name":"wp","href":"https:\/\/api.w.org\/{rel}","templated":true}]}}