{"id":206014,"date":"2025-01-17T22:43:03","date_gmt":"2025-01-17T22:43:03","guid":{"rendered":"https:\/\/rnoticias.com.mx\/Portal\/?p=206014"},"modified":"2025-01-17T22:43:03","modified_gmt":"2025-01-17T22:43:03","slug":"realizan-reunion-previa-al-faot-en-alamos","status":"publish","type":"post","link":"https:\/\/rnoticias.com.mx\/Portal\/2025\/01\/17\/realizan-reunion-previa-al-faot-en-alamos\/","title":{"rendered":"REALIZAN REUNI\u00d3N PREVIA AL FAOT EN \u00c1LAMOS"},"content":{"rendered":"<p>Personal de Bomberos, Cruz Roja, Protecci\u00f3n Civil y diversos cuerpos de seguridad y rescate, llevaron a cabo la reuni\u00f3n preparativa para el Festival Alfonso Ortiz Tirado (FAOT), a realizarse en \u00c1lamos del 24 de enero al primero de febrero.<\/p>\n<p>En la reuni\u00f3n se afinaron detalles de la organizaci\u00f3n del evento, necesidades y fuerza de tarea de las distintas dependencias de los tres \u00f3rdenes de gobierno, que garantizar\u00e1n la integridad de los visitantes.<\/p>\n<p>En estas reuniones previas, tambi\u00e9n est\u00e1 participando personal de la Direcci\u00f3n de Atenci\u00f3n a Emergencias y Desastres de la Coordinaci\u00f3n Estatal de Protecci\u00f3n Civil (CEPC) en Sonora.<\/p>\n","protected":false},"excerpt":{"rendered":"<p>Personal de Bomberos, Cruz Roja, Protecci\u00f3n Civil y diversos cuerpos de seguridad y rescate, llevaron a cabo la reuni\u00f3n preparativa para el Festival Alfonso Ortiz Tirado (FAOT), a realizarse en \u00c1lamos del 24 de enero al primero de febrero. En la reuni\u00f3n se afinaron detalles de la organizaci\u00f3n del evento, necesidades y fuerza de tarea [&hellip;]<\/p>\n","protected":false},"author":2,"featured_media":206015,"comment_status":"closed","ping_status":"closed","sticky":false,"template":"","format":"standard","meta":{"footnotes":""},"categories":[174],"tags":[12873],"class_list":["post-206014","post","type-post","status-publish","format-standard","has-post-thumbnail","hentry","category-estatal","tag-estatal"],"jetpack_featured_media_url":"https:\/\/rnoticias.com.mx\/Portal\/wp-content\/uploads\/2025\/01\/2ba53af9-2d62-4cd3-9b81-0be5ca263169.jpg","amp_enabled":true,"_links":{"self":[{"href":"https:\/\/rnoticias.com.mx\/Portal\/wp-json\/wp\/v2\/posts\/206014","targetHints":{"allow":["GET"]}}],"collection":[{"href":"https:\/\/rnoticias.com.mx\/Portal\/wp-json\/wp\/v2\/posts"}],"about":[{"href":"https:\/\/rnoticias.com.mx\/Portal\/wp-json\/wp\/v2\/types\/post"}],"author":[{"embeddable":true,"href":"https:\/\/rnoticias.com.mx\/Portal\/wp-json\/wp\/v2\/users\/2"}],"replies":[{"embeddable":true,"href":"https:\/\/rnoticias.com.mx\/Portal\/wp-json\/wp\/v2\/comments?post=206014"}],"version-history":[{"count":1,"href":"https:\/\/rnoticias.com.mx\/Portal\/wp-json\/wp\/v2\/posts\/206014\/revisions"}],"predecessor-version":[{"id":206016,"href":"https:\/\/rnoticias.com.mx\/Portal\/wp-json\/wp\/v2\/posts\/206014\/revisions\/206016"}],"wp:featuredmedia":[{"embeddable":true,"href":"https:\/\/rnoticias.com.mx\/Portal\/wp-json\/wp\/v2\/media\/206015"}],"wp:attachment":[{"href":"https:\/\/rnoticias.com.mx\/Portal\/wp-json\/wp\/v2\/media?parent=206014"}],"wp:term":[{"taxonomy":"category","embeddable":true,"href":"https:\/\/rnoticias.com.mx\/Portal\/wp-json\/wp\/v2\/categories?post=206014"},{"taxonomy":"post_tag","embeddable":true,"href":"https:\/\/rnoticias.com.mx\/Portal\/wp-json\/wp\/v2\/tags?post=206014"}],"curies":[{"name":"wp","href":"https:\/\/api.w.org\/{rel}","templated":true}]}}