{"id":206011,"date":"2025-01-17T22:42:21","date_gmt":"2025-01-17T22:42:21","guid":{"rendered":"https:\/\/rnoticias.com.mx\/Portal\/?p=206011"},"modified":"2025-01-17T22:42:21","modified_gmt":"2025-01-17T22:42:21","slug":"confirman-localizacion-de-ciudadano-estadounidense-reportado-como-desaparecido-en-puerto-penasco","status":"publish","type":"post","link":"https:\/\/rnoticias.com.mx\/Portal\/2025\/01\/17\/confirman-localizacion-de-ciudadano-estadounidense-reportado-como-desaparecido-en-puerto-penasco\/","title":{"rendered":"Confirman localizaci\u00f3n de ciudadano estadounidense reportado como desaparecido en Puerto Pe\u00f1asco"},"content":{"rendered":"<p>San Luis R\u00edo Colorado, Sonora, 17 de enero de 2025.- La Fiscal\u00eda General de Justicia del Estado de Sonora (FGJES) confirm\u00f3 la localizaci\u00f3n, sano y salvo de Maximillian, ciudadano estadounidense reportado como desaparecido cuando transitaba por Sonora.<\/p>\n<p>El reporte inicial fue recibido a trav\u00e9s del Consulado General de los Estados Unidos de Am\u00e9rica, se\u00f1alando la desaparici\u00f3n del joven de 27 a\u00f1os, quien viajaba de Texas a Tijuana por el lado mexicano de la frontera y perdi\u00f3 contacto con sus familiares desde el pasado 12 de enero.<\/p>\n<p>Gracias al seguimiento de las autoridades y la colaboraci\u00f3n de familiares, se logr\u00f3 establecer que Maximillian fue localizado en la ciudad de San Luis R\u00edo Colorado, donde se encontraba hospedado en un hotel.<\/p>\n<p>De acuerdo con informaci\u00f3n proporcionada por el padre del joven, el extrav\u00edo de su tel\u00e9fono celular fue la raz\u00f3n por la cual no pudo comunicarse oportunamente con su familia. Maximillian se encuentra en buen estado de salud y agradece a todas las personas que colaboraron en su b\u00fasqueda.<\/p>\n<p>La Fiscal\u00eda General de Justicia del Estado de Sonora (FGJES) reafirma su compromiso de continuar trabajando en coordinaci\u00f3n con autoridades nacionales e internacionales para brindar apoyo para la b\u00fasqueda y localizaci\u00f3n de personas desaparecidas.<\/p>\n","protected":false},"excerpt":{"rendered":"<p>San Luis R\u00edo Colorado, Sonora, 17 de enero de 2025.- La Fiscal\u00eda General de Justicia del Estado de Sonora (FGJES) confirm\u00f3 la localizaci\u00f3n, sano y salvo de Maximillian, ciudadano estadounidense reportado como desaparecido cuando transitaba por Sonora. El reporte inicial fue recibido a trav\u00e9s del Consulado General de los Estados Unidos de Am\u00e9rica, se\u00f1alando la [&hellip;]<\/p>\n","protected":false},"author":2,"featured_media":206012,"comment_status":"closed","ping_status":"closed","sticky":false,"template":"","format":"standard","meta":{"footnotes":""},"categories":[174],"tags":[12873],"class_list":["post-206011","post","type-post","status-publish","format-standard","has-post-thumbnail","hentry","category-estatal","tag-estatal"],"jetpack_featured_media_url":"https:\/\/rnoticias.com.mx\/Portal\/wp-content\/uploads\/2025\/01\/17cec4e8-d889-4c2c-9dad-b3d0dc3bb24d.jpg","amp_enabled":true,"_links":{"self":[{"href":"https:\/\/rnoticias.com.mx\/Portal\/wp-json\/wp\/v2\/posts\/206011","targetHints":{"allow":["GET"]}}],"collection":[{"href":"https:\/\/rnoticias.com.mx\/Portal\/wp-json\/wp\/v2\/posts"}],"about":[{"href":"https:\/\/rnoticias.com.mx\/Portal\/wp-json\/wp\/v2\/types\/post"}],"author":[{"embeddable":true,"href":"https:\/\/rnoticias.com.mx\/Portal\/wp-json\/wp\/v2\/users\/2"}],"replies":[{"embeddable":true,"href":"https:\/\/rnoticias.com.mx\/Portal\/wp-json\/wp\/v2\/comments?post=206011"}],"version-history":[{"count":1,"href":"https:\/\/rnoticias.com.mx\/Portal\/wp-json\/wp\/v2\/posts\/206011\/revisions"}],"predecessor-version":[{"id":206013,"href":"https:\/\/rnoticias.com.mx\/Portal\/wp-json\/wp\/v2\/posts\/206011\/revisions\/206013"}],"wp:featuredmedia":[{"embeddable":true,"href":"https:\/\/rnoticias.com.mx\/Portal\/wp-json\/wp\/v2\/media\/206012"}],"wp:attachment":[{"href":"https:\/\/rnoticias.com.mx\/Portal\/wp-json\/wp\/v2\/media?parent=206011"}],"wp:term":[{"taxonomy":"category","embeddable":true,"href":"https:\/\/rnoticias.com.mx\/Portal\/wp-json\/wp\/v2\/categories?post=206011"},{"taxonomy":"post_tag","embeddable":true,"href":"https:\/\/rnoticias.com.mx\/Portal\/wp-json\/wp\/v2\/tags?post=206011"}],"curies":[{"name":"wp","href":"https:\/\/api.w.org\/{rel}","templated":true}]}}