{"id":206008,"date":"2025-01-17T22:40:14","date_gmt":"2025-01-17T22:40:14","guid":{"rendered":"https:\/\/rnoticias.com.mx\/Portal\/?p=206008"},"modified":"2025-01-17T22:40:14","modified_gmt":"2025-01-17T22:40:14","slug":"sujeto-detenido-en-caborca-es-imputado-por-los-delitos-de-abuso-sexual-agravado-y-violacion","status":"publish","type":"post","link":"https:\/\/rnoticias.com.mx\/Portal\/2025\/01\/17\/sujeto-detenido-en-caborca-es-imputado-por-los-delitos-de-abuso-sexual-agravado-y-violacion\/","title":{"rendered":"Sujeto detenido en Caborca es imputado por los delitos de abuso sexual agravado y violaci\u00f3n"},"content":{"rendered":"<p>Caborca, Sonora, 17 de enero de 2025.- En un operativo conjunto entre la Agencia Ministerial de Investigaci\u00f3n Criminal (AMIC) y la Secretar\u00eda de la Defensa Nacional (DEFENSA) se ejecut\u00f3 una orden de aprehensi\u00f3n en contra de Salvador \u201cN\u201d, de 65 a\u00f1os, por su probable responsabilidad por los delitos abuso sexual agravado y violaci\u00f3n equiparada agravada en n\u00famero de tres en concurso real de delitos.<\/p>\n<p>En audiencia inicial la Fiscal\u00eda General de Justicia del Estado de Sonora (FGJES) formul\u00f3 imputaci\u00f3n y el Juez determin\u00f3 prisi\u00f3n preventiva justificada; el pr\u00f3ximo 20 de enero se realizar\u00e1 la continuaci\u00f3n de la audiencia de vinculaci\u00f3n a proceso.<\/p>\n<p>De acuerdo con la carpeta de investigaci\u00f3n, los hechos que se le imputan al se\u00f1alado tuvieron lugar entre septiembre del 2022 y julio de 2023 en una vivienda de la colonia Deportiva de Caborca, Sonora, y en un paraje ubicado en un tramo de la carretera Caborca-Y Griega.<\/p>\n<p>Salvador \u201cN\u201d fue internado en el Centro de Reinserci\u00f3n Social (CERESO) local de Caborca en espera de las audiencias subsecuentes.<\/p>\n<p>La FGJES reitera su compromiso con la protecci\u00f3n de los derechos de las v\u00edctimas, especialmente de menores de edad, y con la aplicaci\u00f3n firme de la ley para sancionar a quienes vulneren su seguridad y dignidad.<\/p>\n","protected":false},"excerpt":{"rendered":"<p>Caborca, Sonora, 17 de enero de 2025.- En un operativo conjunto entre la Agencia Ministerial de Investigaci\u00f3n Criminal (AMIC) y la Secretar\u00eda de la Defensa Nacional (DEFENSA) se ejecut\u00f3 una orden de aprehensi\u00f3n en contra de Salvador \u201cN\u201d, de 65 a\u00f1os, por su probable responsabilidad por los delitos abuso sexual agravado y violaci\u00f3n equiparada agravada [&hellip;]<\/p>\n","protected":false},"author":2,"featured_media":206009,"comment_status":"closed","ping_status":"closed","sticky":false,"template":"","format":"standard","meta":{"footnotes":""},"categories":[174],"tags":[12873],"class_list":["post-206008","post","type-post","status-publish","format-standard","has-post-thumbnail","hentry","category-estatal","tag-estatal"],"jetpack_featured_media_url":"https:\/\/rnoticias.com.mx\/Portal\/wp-content\/uploads\/2025\/01\/7a9f3da1-fd2b-4376-9b22-a778e308a8b5.jpg","amp_enabled":true,"_links":{"self":[{"href":"https:\/\/rnoticias.com.mx\/Portal\/wp-json\/wp\/v2\/posts\/206008","targetHints":{"allow":["GET"]}}],"collection":[{"href":"https:\/\/rnoticias.com.mx\/Portal\/wp-json\/wp\/v2\/posts"}],"about":[{"href":"https:\/\/rnoticias.com.mx\/Portal\/wp-json\/wp\/v2\/types\/post"}],"author":[{"embeddable":true,"href":"https:\/\/rnoticias.com.mx\/Portal\/wp-json\/wp\/v2\/users\/2"}],"replies":[{"embeddable":true,"href":"https:\/\/rnoticias.com.mx\/Portal\/wp-json\/wp\/v2\/comments?post=206008"}],"version-history":[{"count":1,"href":"https:\/\/rnoticias.com.mx\/Portal\/wp-json\/wp\/v2\/posts\/206008\/revisions"}],"predecessor-version":[{"id":206010,"href":"https:\/\/rnoticias.com.mx\/Portal\/wp-json\/wp\/v2\/posts\/206008\/revisions\/206010"}],"wp:featuredmedia":[{"embeddable":true,"href":"https:\/\/rnoticias.com.mx\/Portal\/wp-json\/wp\/v2\/media\/206009"}],"wp:attachment":[{"href":"https:\/\/rnoticias.com.mx\/Portal\/wp-json\/wp\/v2\/media?parent=206008"}],"wp:term":[{"taxonomy":"category","embeddable":true,"href":"https:\/\/rnoticias.com.mx\/Portal\/wp-json\/wp\/v2\/categories?post=206008"},{"taxonomy":"post_tag","embeddable":true,"href":"https:\/\/rnoticias.com.mx\/Portal\/wp-json\/wp\/v2\/tags?post=206008"}],"curies":[{"name":"wp","href":"https:\/\/api.w.org\/{rel}","templated":true}]}}