{"id":205993,"date":"2025-01-17T22:14:53","date_gmt":"2025-01-17T22:14:53","guid":{"rendered":"https:\/\/rnoticias.com.mx\/Portal\/?p=205993"},"modified":"2025-01-17T22:14:53","modified_gmt":"2025-01-17T22:14:53","slug":"se-separan-jessica-alba-y-cash-warren-tras-16-anos-de-matrimonio","status":"publish","type":"post","link":"https:\/\/rnoticias.com.mx\/Portal\/2025\/01\/17\/se-separan-jessica-alba-y-cash-warren-tras-16-anos-de-matrimonio\/","title":{"rendered":"Se separan Jessica Alba y Cash Warren tras 16 a\u00f1os de matrimonio"},"content":{"rendered":"<p>Los \u00c1ngeles\u2014 Jessica Alba y su esposo Cash Warren se separar\u00e1n despu\u00e9s de 16 a\u00f1os de matrimonio.<\/p>\n<p>Alba habl\u00f3 sobre su separaci\u00f3n en una publicaci\u00f3n de Instagram el jueves. El actor dijo que la pareja, que se cas\u00f3 en 2008, est\u00e1 pasando a un nuevo cap\u00edtulo individualmente y comparti\u00f3 que su mayor prioridad son sus tres hijos.<\/p>\n<p>\u201cHe estado en un viaje de autorrealizaci\u00f3n y transformaci\u00f3n durante a\u00f1os, tanto como individuo como en sociedad con Cash\u201d, dijo Alba en la publicaci\u00f3n. \u201cEstoy orgullosa de c\u00f3mo hemos crecido como pareja y en nuestro matrimonio durante los \u00faltimos 20 a\u00f1os y ahora es el momento de embarcarnos en un nuevo cap\u00edtulo de crecimiento y evoluci\u00f3n como individuos\u201d.<\/p>\n<p>Los representantes de Alba y Cash no han respondido a un correo electr\u00f3nico solicitando comentarios.<\/p>\n<p>En 2004, la pareja se conoci\u00f3 en el set de rodaje de \u201cLos 4 Fant\u00e1sticos\u201d. Alba protagoniz\u00f3 la pel\u00edcula como Sue Storm, mientras que Warren trabaj\u00f3 como asistente del director Tim Story.<\/p>\n<p>Las edades de sus tres hijos son 7, 13 y 16.<\/p>\n<p>\u201cSeguimos adelante con amor, amabilidad y respeto mutuo y siempre seremos una familia\u201d, dijo.<\/p>\n<p>&nbsp;<\/p>\n","protected":false},"excerpt":{"rendered":"<p>Los \u00c1ngeles\u2014 Jessica Alba y su esposo Cash Warren se separar\u00e1n despu\u00e9s de 16 a\u00f1os de matrimonio. Alba habl\u00f3 sobre su separaci\u00f3n en una publicaci\u00f3n de Instagram el jueves. El actor dijo que la pareja, que se cas\u00f3 en 2008, est\u00e1 pasando a un nuevo cap\u00edtulo individualmente y comparti\u00f3 que su mayor prioridad son sus [&hellip;]<\/p>\n","protected":false},"author":2,"featured_media":205994,"comment_status":"closed","ping_status":"closed","sticky":false,"template":"","format":"standard","meta":{"footnotes":""},"categories":[219],"tags":[12875],"class_list":["post-205993","post","type-post","status-publish","format-standard","has-post-thumbnail","hentry","category-espectaculos","tag-espectaculos"],"jetpack_featured_media_url":"https:\/\/rnoticias.com.mx\/Portal\/wp-content\/uploads\/2025\/01\/60f946c5-a2d7-4f5c-a9d1-d332613270ed_alta-aspect-ratio_default_0.jpg","amp_enabled":true,"_links":{"self":[{"href":"https:\/\/rnoticias.com.mx\/Portal\/wp-json\/wp\/v2\/posts\/205993","targetHints":{"allow":["GET"]}}],"collection":[{"href":"https:\/\/rnoticias.com.mx\/Portal\/wp-json\/wp\/v2\/posts"}],"about":[{"href":"https:\/\/rnoticias.com.mx\/Portal\/wp-json\/wp\/v2\/types\/post"}],"author":[{"embeddable":true,"href":"https:\/\/rnoticias.com.mx\/Portal\/wp-json\/wp\/v2\/users\/2"}],"replies":[{"embeddable":true,"href":"https:\/\/rnoticias.com.mx\/Portal\/wp-json\/wp\/v2\/comments?post=205993"}],"version-history":[{"count":1,"href":"https:\/\/rnoticias.com.mx\/Portal\/wp-json\/wp\/v2\/posts\/205993\/revisions"}],"predecessor-version":[{"id":205995,"href":"https:\/\/rnoticias.com.mx\/Portal\/wp-json\/wp\/v2\/posts\/205993\/revisions\/205995"}],"wp:featuredmedia":[{"embeddable":true,"href":"https:\/\/rnoticias.com.mx\/Portal\/wp-json\/wp\/v2\/media\/205994"}],"wp:attachment":[{"href":"https:\/\/rnoticias.com.mx\/Portal\/wp-json\/wp\/v2\/media?parent=205993"}],"wp:term":[{"taxonomy":"category","embeddable":true,"href":"https:\/\/rnoticias.com.mx\/Portal\/wp-json\/wp\/v2\/categories?post=205993"},{"taxonomy":"post_tag","embeddable":true,"href":"https:\/\/rnoticias.com.mx\/Portal\/wp-json\/wp\/v2\/tags?post=205993"}],"curies":[{"name":"wp","href":"https:\/\/api.w.org\/{rel}","templated":true}]}}