{"id":205863,"date":"2025-01-16T15:45:10","date_gmt":"2025-01-16T15:45:10","guid":{"rendered":"https:\/\/rnoticias.com.mx\/Portal\/?p=205863"},"modified":"2025-01-16T15:45:10","modified_gmt":"2025-01-16T15:45:10","slug":"comun-de-la-temporada-el-aumento-de-enfermedades-respiratorias-gerardo-alvarez","status":"publish","type":"post","link":"https:\/\/rnoticias.com.mx\/Portal\/2025\/01\/16\/comun-de-la-temporada-el-aumento-de-enfermedades-respiratorias-gerardo-alvarez\/","title":{"rendered":"Com\u00fan de la temporada el aumento de enfermedades respiratorias: Gerardo \u00c1lvarez"},"content":{"rendered":"<p>A pesar de que la presencia de casos en M\u00e9xico de metapneumovirus se ha incrementado y al momento se reportan 2 mil 800 casos en el pa\u00eds, esto representa el 5.3 de los que no son covid-19 ni influenza, y no debe haber motivo de alarma, aclar\u00f3 Gerardo \u00c1lvarez Hern\u00e1ndez, acad\u00e9mico del Departamento de Medicina y Ciencias de la Salud.<\/p>\n<p>Enfatiz\u00f3 que hay un aumento, de hecho, en todas las enfermedades respiratorias, de modo que no debe causar alerta al ser un virus que incluso es m\u00e1s benigno que la influenza.<\/p>\n<p>\u201cNo es una enfermedad nueva, produce cuadros de resfriado que suelen ser leves en comparaci\u00f3n de influenza o covid, sin embargo, como toda enfermedad respiratoria, ciertas personas est\u00e1n en un riesgo mayor de presentar alguna complicaci\u00f3n\u201d, detall\u00f3.<\/p>\n<p>Sin minimizar el virus, aclar\u00f3 que es uno m\u00e1s dentro del inventario, por el cual no existe emergencia ni evidencia de focos epid\u00e9micos y no se ha implementado ninguna medida general de control, ya que los casos est\u00e1n dentro de los esperado en la temporada invernal.<\/p>\n<p>\u201cPuede llegar el virus m\u00e1s min\u00fasculo del mundo, pero hay ciertas personas que van a padecer m\u00e1s, las personas diab\u00e9ticas, hipertensas, enfermas del coraz\u00f3n, mayores de 60 a\u00f1os, menores de cinco; pero, en t\u00e9rminos generales, no es un agente nuevo y se deben hacer las mismas medidas de protecci\u00f3n que hacemos con covid o influenza\u201d, advirti\u00f3.<\/p>\n<p>&nbsp;<\/p>\n<p><strong>No debe alertar a Sonora <\/strong><\/p>\n<p>Por otro lado, Gerardo \u00c1lvarez dijo que no debe existir alarma en Sonora por la primera muerte confirmada en Estados Unidos por gripe aviar H5N1. En M\u00e9xico no se han presentado casos, y la poblaci\u00f3n en riesgo es espec\u00edfica: quienes trabajan o est\u00e1n en contacto directo con aves, ganado, y quienes consumen productos l\u00e1cteos sin pasteurizar.<\/p>\n<p>En el mundo, dijo, hay mil casos confirmados desde febrero de 2024 a la fecha: 66 de ellos en Estados Unidos, 2 en Canad\u00e1 y 1 en Chile.<\/p>\n<p>Respecto a la cercan\u00eda con Sonora, se han reportado casos en California y Texas. La primera muerte confirmada ocurri\u00f3 en Luisiana, en una persona con factores de riesgo.<\/p>\n<p>&#8220;Ocurri\u00f3 en un adulto mayor, lo cual es importante entender en contexto. Era una persona mayor de 65 a\u00f1os con comorbilidades y enfermedades subyacentes, aparentemente infectada por aves de traspatio no comerciales y aves silvestres&#8221;, detall\u00f3.<\/p>\n<p>&nbsp;<\/p>\n<p><strong>Riesgo bajo<\/strong><\/p>\n<p>\u00c1lvarez Hern\u00e1ndez enfatiz\u00f3 que el riesgo de transmisi\u00f3n comunitaria se considera de bajo a muy bajo. Aunque se debe estar atentos, no representa una situaci\u00f3n de alto riesgo, ya que en M\u00e9xico predomina el virus H1N1.<\/p>\n<p>&#8220;Existen 18 tipos diferentes de H y 11 de N, lo que genera m\u00faltiples subtipos de influenza A. Nosotros estamos familiarizados con el H1N1, mientras que el H5N1 no tiene antecedentes de pandemias. Las personas que se infectan suelen tener condiciones de riesgo espec\u00edficas, y la poblaci\u00f3n en general no parece estar en riesgo de transmisi\u00f3n persona a persona&#8221;, aclar\u00f3.<\/p>\n<p>Entre los lugares de contagio, advirti\u00f3 sobre los hatos ganaderos o de aves de corral. Las personas en mayor riesgo son aquellas en contacto con estos animales, siendo las aves m\u00e1s afectadas que el ganado vacuno por este virus.<\/p>\n<p>&#8220;Usualmente, por contacto con aves o por consumir productos l\u00e1cteos como leche cruda, quesos y mantequilla sin pasteurizar. Tambi\u00e9n puede transmitirse al entrar en contacto con superficies contaminadas por aves o ganado enfermo y llevarse las manos a los ojos, boca o nariz sin lavarlas&#8221;, puntualiz\u00f3.<\/p>\n<p>&nbsp;<\/p>\n<p><strong>Poblaci\u00f3n vulnerable<\/strong><\/p>\n<p>Record\u00f3 que la pandemia por covid-19 demostr\u00f3 que las personas con enfermedades subyacentes est\u00e1n en mayor riesgo, especialmente si tienen m\u00e1s de 60 a\u00f1os y no est\u00e1n vacunadas, sumado a condiciones como diabetes, hipertensi\u00f3n o problemas card\u00edacos.<\/p>\n<p>&#8220;El entorno debe cuidarse; quienes infectan son los familiares que llegan a sus hogares sin tomar precauciones. Debemos mantener las medidas de prevenci\u00f3n que aprendimos durante la pandemia, como la etiqueta respiratoria, el aislamiento ante s\u00edntomas gripales, el distanciamiento social, el uso de cubrebocas y el lavado de manos&#8221;, concluy\u00f3.<\/p>\n<p>&nbsp;<\/p>\n<p>&nbsp;<\/p>\n","protected":false},"excerpt":{"rendered":"<p>A pesar de que la presencia de casos en M\u00e9xico de metapneumovirus se ha incrementado y al momento se reportan 2 mil 800 casos en el pa\u00eds, esto representa el 5.3 de los que no son covid-19 ni influenza, y no debe haber motivo de alarma, aclar\u00f3 Gerardo \u00c1lvarez Hern\u00e1ndez, acad\u00e9mico del Departamento de Medicina [&hellip;]<\/p>\n","protected":false},"author":2,"featured_media":205864,"comment_status":"closed","ping_status":"closed","sticky":false,"template":"","format":"standard","meta":{"footnotes":""},"categories":[178],"tags":[12869],"class_list":["post-205863","post","type-post","status-publish","format-standard","has-post-thumbnail","hentry","category-local","tag-local"],"jetpack_featured_media_url":"https:\/\/rnoticias.com.mx\/Portal\/wp-content\/uploads\/2025\/01\/thumbnail_Dr.-Gerardo-Alvarez.jpg","amp_enabled":true,"_links":{"self":[{"href":"https:\/\/rnoticias.com.mx\/Portal\/wp-json\/wp\/v2\/posts\/205863","targetHints":{"allow":["GET"]}}],"collection":[{"href":"https:\/\/rnoticias.com.mx\/Portal\/wp-json\/wp\/v2\/posts"}],"about":[{"href":"https:\/\/rnoticias.com.mx\/Portal\/wp-json\/wp\/v2\/types\/post"}],"author":[{"embeddable":true,"href":"https:\/\/rnoticias.com.mx\/Portal\/wp-json\/wp\/v2\/users\/2"}],"replies":[{"embeddable":true,"href":"https:\/\/rnoticias.com.mx\/Portal\/wp-json\/wp\/v2\/comments?post=205863"}],"version-history":[{"count":1,"href":"https:\/\/rnoticias.com.mx\/Portal\/wp-json\/wp\/v2\/posts\/205863\/revisions"}],"predecessor-version":[{"id":205865,"href":"https:\/\/rnoticias.com.mx\/Portal\/wp-json\/wp\/v2\/posts\/205863\/revisions\/205865"}],"wp:featuredmedia":[{"embeddable":true,"href":"https:\/\/rnoticias.com.mx\/Portal\/wp-json\/wp\/v2\/media\/205864"}],"wp:attachment":[{"href":"https:\/\/rnoticias.com.mx\/Portal\/wp-json\/wp\/v2\/media?parent=205863"}],"wp:term":[{"taxonomy":"category","embeddable":true,"href":"https:\/\/rnoticias.com.mx\/Portal\/wp-json\/wp\/v2\/categories?post=205863"},{"taxonomy":"post_tag","embeddable":true,"href":"https:\/\/rnoticias.com.mx\/Portal\/wp-json\/wp\/v2\/tags?post=205863"}],"curies":[{"name":"wp","href":"https:\/\/api.w.org\/{rel}","templated":true}]}}