{"id":205860,"date":"2025-01-16T15:35:02","date_gmt":"2025-01-16T15:35:02","guid":{"rendered":"https:\/\/rnoticias.com.mx\/Portal\/?p=205860"},"modified":"2025-01-16T15:35:02","modified_gmt":"2025-01-16T15:35:02","slug":"equipo-de-sonora-estara-en-selectivo-nacional-para-la-copa-america-de-hockey","status":"publish","type":"post","link":"https:\/\/rnoticias.com.mx\/Portal\/2025\/01\/16\/equipo-de-sonora-estara-en-selectivo-nacional-para-la-copa-america-de-hockey\/","title":{"rendered":"Equipo de Sonora estar\u00e1 en selectivo nacional para la Copa Am\u00e9rica de Hockey"},"content":{"rendered":"<p class=\"x_gmail-MsoNoSpacing\"><span data-olk-copy-source=\"MessageBody\">Hermosillo, Sonora, 16 de enero del 2025.- Un equipo sonorense de hockey de la rama varonil estar\u00e1 presente en el Torneo Selectivo Nacional, que habr\u00e1 de desarrollarse del 17 al 19 de enero en Mexicali, Baja California, con el objetivo de armar la preselecci\u00f3n mexicana rumbo a la Copa Am\u00e9rica de la disciplina. \u00a0\u00a0<\/span><\/p>\n<p class=\"x_gmail-MsoNoSpacing\">\n<p class=\"x_gmail-MsoNoSpacing\">Edith Ram\u00edrez Arellano, entrenadora de Sonora, dio a conocer que la selecci\u00f3n de 16 jugadores participar\u00e1 en ese certamen convocado por la Federaci\u00f3n Mexicana de Hockey (FMH) en la categor\u00eda Mayor (nacidos entre 1995 y 2003).<\/p>\n<p class=\"x_gmail-MsoNoSpacing\">\n<p class=\"x_gmail-MsoNoSpacing\">Dentro del equipo sonorense destacan jugadores con experiencia internacional pues han vestido la franela de M\u00e9xico, como es el caso de Jorge G\u00f3mez, Miguel Oth\u00f3n, Omar Matildes, Mat\u00edas Guzm\u00e1n, Max Fimbres, Germ\u00e1n Miranda, Osmar Mej\u00eda y Gael L\u00f3pez.<\/p>\n<p class=\"x_gmail-MsoNoSpacing\">\n<p class=\"x_gmail-MsoNoSpacing\">Completar\u00e1n el seleccionado estatal: Jes\u00fas Eduardo Rosas, Joel Francisco Mar\u00edn, Farid Alejandro Ram\u00edrez, Jes\u00fas Manuel Ochoa, Jos\u00e9 Armando Ruiz, Juan Armando Torres, Carlos Omar Noriega y Luis Enrique Espinoza.<\/p>\n<p class=\"x_gmail-MsoNoSpacing\">\n<p class=\"x_gmail-MsoNoSpacing\">La cancha de hockey de la Ciudad Deportiva de la capital bajacaliforniana recibir\u00e1 el certamen, en donde la FMH estar\u00e1 pendiente de la actuaci\u00f3n de los jugadores de todo el pa\u00eds, en busca de nuevos talentos que puedan incluirse en la preselecci\u00f3n nacional de mayores, de cara a competir en el evento continental con sede en Asunci\u00f3n, Uruguay, a mediados de a\u00f1o.<\/p>\n","protected":false},"excerpt":{"rendered":"<p>Hermosillo, Sonora, 16 de enero del 2025.- Un equipo sonorense de hockey de la rama varonil estar\u00e1 presente en el Torneo Selectivo Nacional, que habr\u00e1 de desarrollarse del 17 al 19 de enero en Mexicali, Baja California, con el objetivo de armar la preselecci\u00f3n mexicana rumbo a la Copa Am\u00e9rica de la disciplina. \u00a0\u00a0 Edith [&hellip;]<\/p>\n","protected":false},"author":2,"featured_media":205861,"comment_status":"closed","ping_status":"closed","sticky":false,"template":"","format":"standard","meta":{"footnotes":""},"categories":[188],"tags":[5231],"class_list":["post-205860","post","type-post","status-publish","format-standard","has-post-thumbnail","hentry","category-deportes","tag-deportes"],"jetpack_featured_media_url":"https:\/\/rnoticias.com.mx\/Portal\/wp-content\/uploads\/2025\/01\/thumbnail_Omar-Matildes.jpg","amp_enabled":true,"_links":{"self":[{"href":"https:\/\/rnoticias.com.mx\/Portal\/wp-json\/wp\/v2\/posts\/205860","targetHints":{"allow":["GET"]}}],"collection":[{"href":"https:\/\/rnoticias.com.mx\/Portal\/wp-json\/wp\/v2\/posts"}],"about":[{"href":"https:\/\/rnoticias.com.mx\/Portal\/wp-json\/wp\/v2\/types\/post"}],"author":[{"embeddable":true,"href":"https:\/\/rnoticias.com.mx\/Portal\/wp-json\/wp\/v2\/users\/2"}],"replies":[{"embeddable":true,"href":"https:\/\/rnoticias.com.mx\/Portal\/wp-json\/wp\/v2\/comments?post=205860"}],"version-history":[{"count":1,"href":"https:\/\/rnoticias.com.mx\/Portal\/wp-json\/wp\/v2\/posts\/205860\/revisions"}],"predecessor-version":[{"id":205862,"href":"https:\/\/rnoticias.com.mx\/Portal\/wp-json\/wp\/v2\/posts\/205860\/revisions\/205862"}],"wp:featuredmedia":[{"embeddable":true,"href":"https:\/\/rnoticias.com.mx\/Portal\/wp-json\/wp\/v2\/media\/205861"}],"wp:attachment":[{"href":"https:\/\/rnoticias.com.mx\/Portal\/wp-json\/wp\/v2\/media?parent=205860"}],"wp:term":[{"taxonomy":"category","embeddable":true,"href":"https:\/\/rnoticias.com.mx\/Portal\/wp-json\/wp\/v2\/categories?post=205860"},{"taxonomy":"post_tag","embeddable":true,"href":"https:\/\/rnoticias.com.mx\/Portal\/wp-json\/wp\/v2\/tags?post=205860"}],"curies":[{"name":"wp","href":"https:\/\/api.w.org\/{rel}","templated":true}]}}