{"id":205854,"date":"2025-01-16T15:12:50","date_gmt":"2025-01-16T15:12:50","guid":{"rendered":"https:\/\/rnoticias.com.mx\/Portal\/?p=205854"},"modified":"2025-01-16T15:12:50","modified_gmt":"2025-01-16T15:12:50","slug":"se-da-a-conocer-plan-de-movilizacion-para-la-serie-del-caribe-mexicali-2025","status":"publish","type":"post","link":"https:\/\/rnoticias.com.mx\/Portal\/2025\/01\/16\/se-da-a-conocer-plan-de-movilizacion-para-la-serie-del-caribe-mexicali-2025\/","title":{"rendered":"Se da a conocer plan de movilizaci\u00f3n para la Serie del Caribe Mexicali 2025"},"content":{"rendered":"<p><strong>Mexicali, Baja California (Prensa \u00c1guilas).-<\/strong>\u00a0El Comit\u00e9 Organizador de \u00a0Serie del Caribe Mexicali 2025 presentada por Ria Money Transfer, dio\u00a0a conocer las rutas de movilizaci\u00f3n que se estar\u00e1n habilitando para los aficionados al b\u00e9isbol que acudan a El Nido de Los \u00c1guilas a disfrutar de la justa caribe\u00f1a.<\/p>\n<p>El Instituto de Movilidad Sustentable (IMOS) y el Comit\u00e9 Organizador de Serie del Caribe establecieron 3 rutas que ser\u00e1n completamente gratuitas gracias a los esfuerzos del Gobierno de Estado y el Comit\u00e9 Organizador, para que los asistentes puedan estacionar sus veh\u00edculos en los estacionamientos autorizados, as\u00ed como desde el cruce fronterizo Mexicali-Centro, pasando por la Zona Hotelera.<\/p>\n<p>Ruta 1: Salida de El Bosque de la Ciudad pasando por FEX, CEART, y Parque Vicente Guerrero con llegada a la puerta principal del Fan Fest por Calzada Cuauht\u00e9moc.<\/p>\n<p>Ruta 2: Salida de Garita Centro rumbo a Zona Hotelera terminando en la puerta principal del Fan Fest por Calzada Cuauht\u00e9moc.<\/p>\n<p>Ruta 3: Salida desde Tu Parque TSM, pasando por Gran V\u00eda, Cetys y llegada en puerta principal del Fan Fest por Calzada Cuauht\u00e9moc.<\/p>\n<p>El servicio iniciar\u00e1 a las 11:00 AM y se est\u00e1 valorando que termine entre 1:00 a 2:00 AM, con una frecuencia de 15 minutos aproximadamente.<\/p>\n<p>Se contar\u00e1 con dos sitios de taxi temporales en las inmediaciones de El Nido de Los \u00c1guilas con taxistas acreditados por IMOS con tarifas autorizadas y visibles para los usuarios. Las \u00e1reas de ascenso y descenso para unidades Uber y Didi, ser\u00e1 frente a Carls Jr Justo Sierra y solo se permitir\u00e1 la operaci\u00f3n de choferes y veh\u00edculos (cerca de 3,500 en Mexicali) de plataforma previamente registrados en IMOS.<\/p>\n<p>La Serie del Caribe Mexicali 2025 presentada por Ria Money Transfer se llevar\u00e1 a cabo del 31 de enero al 7 de febrero en El Nido de Los \u00c1guilas, donde los equipos campeones de las ligas de Venezuela, Puerto Rico, Rep\u00fablica Dominicana, M\u00e9xico y el gran invitado Jap\u00f3n buscar\u00e1n levantar el trofeo que los acredita como campeones.<\/p>\n","protected":false},"excerpt":{"rendered":"<p>Mexicali, Baja California (Prensa \u00c1guilas).-\u00a0El Comit\u00e9 Organizador de \u00a0Serie del Caribe Mexicali 2025 presentada por Ria Money Transfer, dio\u00a0a conocer las rutas de movilizaci\u00f3n que se estar\u00e1n habilitando para los aficionados al b\u00e9isbol que acudan a El Nido de Los \u00c1guilas a disfrutar de la justa caribe\u00f1a. El Instituto de Movilidad Sustentable (IMOS) y el [&hellip;]<\/p>\n","protected":false},"author":2,"featured_media":205855,"comment_status":"closed","ping_status":"closed","sticky":false,"template":"","format":"standard","meta":{"footnotes":""},"categories":[188],"tags":[5231],"class_list":["post-205854","post","type-post","status-publish","format-standard","has-post-thumbnail","hentry","category-deportes","tag-deportes"],"jetpack_featured_media_url":"https:\/\/rnoticias.com.mx\/Portal\/wp-content\/uploads\/2025\/01\/image-1.png","amp_enabled":true,"_links":{"self":[{"href":"https:\/\/rnoticias.com.mx\/Portal\/wp-json\/wp\/v2\/posts\/205854","targetHints":{"allow":["GET"]}}],"collection":[{"href":"https:\/\/rnoticias.com.mx\/Portal\/wp-json\/wp\/v2\/posts"}],"about":[{"href":"https:\/\/rnoticias.com.mx\/Portal\/wp-json\/wp\/v2\/types\/post"}],"author":[{"embeddable":true,"href":"https:\/\/rnoticias.com.mx\/Portal\/wp-json\/wp\/v2\/users\/2"}],"replies":[{"embeddable":true,"href":"https:\/\/rnoticias.com.mx\/Portal\/wp-json\/wp\/v2\/comments?post=205854"}],"version-history":[{"count":1,"href":"https:\/\/rnoticias.com.mx\/Portal\/wp-json\/wp\/v2\/posts\/205854\/revisions"}],"predecessor-version":[{"id":205856,"href":"https:\/\/rnoticias.com.mx\/Portal\/wp-json\/wp\/v2\/posts\/205854\/revisions\/205856"}],"wp:featuredmedia":[{"embeddable":true,"href":"https:\/\/rnoticias.com.mx\/Portal\/wp-json\/wp\/v2\/media\/205855"}],"wp:attachment":[{"href":"https:\/\/rnoticias.com.mx\/Portal\/wp-json\/wp\/v2\/media?parent=205854"}],"wp:term":[{"taxonomy":"category","embeddable":true,"href":"https:\/\/rnoticias.com.mx\/Portal\/wp-json\/wp\/v2\/categories?post=205854"},{"taxonomy":"post_tag","embeddable":true,"href":"https:\/\/rnoticias.com.mx\/Portal\/wp-json\/wp\/v2\/tags?post=205854"}],"curies":[{"name":"wp","href":"https:\/\/api.w.org\/{rel}","templated":true}]}}